{"id":65060,"date":"2024-04-07T02:31:09","date_gmt":"2024-04-07T02:31:09","guid":{"rendered":"http:\/\/elterritorialweb.com.ar\/web\/?p=65060"},"modified":"2024-04-07T02:31:12","modified_gmt":"2024-04-07T02:31:12","slug":"dura-caida-de-central-cordoba-ante-estudiantes-que-lo-goleo-en-la-plata","status":"publish","type":"post","link":"https:\/\/elterritorialweb.com.ar\/web\/dura-caida-de-central-cordoba-ante-estudiantes-que-lo-goleo-en-la-plata\/","title":{"rendered":"DURA CA\u00cdDA DE CENTRAL C\u00d3RDOBA ANTE ESTUDIANTES QUE LO GOLE\u00d3 EN LA PLATA"},"content":{"rendered":"\n<p><strong>Central C\u00f3rdoba<\/strong>&nbsp;no pudo hacer demasiado ante&nbsp;<strong>Estudiantes<\/strong>&nbsp;y termin\u00f3 cayendo por&nbsp;<strong>5-0 en La Plata<\/strong>&nbsp;por la fecha 13 de la&nbsp;<strong>Zona B de la Copa de la Liga.<\/strong><\/p>\n\n\n\n<p>El Ferroviario, que ven\u00eda de perder ante Racing como local, pero que hab\u00eda vencido a Quilmes por Copa Argentina el mi\u00e9rcoles, volvi\u00f3 a completar una actuaci\u00f3n deslucida, que llena de dudas el presente y el futuro del equipo.<\/p>\n\n\n\n<p>El Pincha se puso r\u00e1pidamente en ventaja a trav\u00e9s de una genialidad de Palacios, quien se sac\u00f3 a dos hombres de encima con una gambeta, tras un c\u00f3rner corto desde la derecha, y sac\u00f3 un puntazo al \u00e1ngulo.<\/p>\n\n\n\n<figure class=\"wp-block-image size-large\"><a href=\"https:\/\/i0.wp.com\/elterritorialweb.com.ar\/web\/wp-content\/uploads\/2024\/04\/CENTRAL-ESTUDIANTES-1.jpeg\"><img data-recalc-dims=\"1\" decoding=\"async\" width=\"640\" height=\"360\" data-src=\"https:\/\/i0.wp.com\/elterritorialweb.com.ar\/web\/wp-content\/uploads\/2024\/04\/CENTRAL-ESTUDIANTES-1.jpeg?resize=640%2C360\" alt=\"\" class=\"wp-image-65063 lazyload\" data-srcset=\"https:\/\/i0.wp.com\/elterritorialweb.com.ar\/web\/wp-content\/uploads\/2024\/04\/CENTRAL-ESTUDIANTES-1.jpeg?resize=1024%2C576&amp;ssl=1 1024w, https:\/\/i0.wp.com\/elterritorialweb.com.ar\/web\/wp-content\/uploads\/2024\/04\/CENTRAL-ESTUDIANTES-1.jpeg?resize=300%2C169&amp;ssl=1 300w, https:\/\/i0.wp.com\/elterritorialweb.com.ar\/web\/wp-content\/uploads\/2024\/04\/CENTRAL-ESTUDIANTES-1.jpeg?resize=768%2C432&amp;ssl=1 768w, https:\/\/i0.wp.com\/elterritorialweb.com.ar\/web\/wp-content\/uploads\/2024\/04\/CENTRAL-ESTUDIANTES-1.jpeg?resize=1536%2C864&amp;ssl=1 1536w, https:\/\/i0.wp.com\/elterritorialweb.com.ar\/web\/wp-content\/uploads\/2024\/04\/CENTRAL-ESTUDIANTES-1.jpeg?resize=2048%2C1152&amp;ssl=1 2048w, https:\/\/i0.wp.com\/elterritorialweb.com.ar\/web\/wp-content\/uploads\/2024\/04\/CENTRAL-ESTUDIANTES-1.jpeg?w=1280 1280w, https:\/\/i0.wp.com\/elterritorialweb.com.ar\/web\/wp-content\/uploads\/2024\/04\/CENTRAL-ESTUDIANTES-1.jpeg?w=1920 1920w\" data-sizes=\"(max-width: 640px) 100vw, 640px\" src=\"data:image\/svg+xml;base64,PHN2ZyB3aWR0aD0iMSIgaGVpZ2h0PSIxIiB4bWxucz0iaHR0cDovL3d3dy53My5vcmcvMjAwMC9zdmciPjwvc3ZnPg==\" style=\"--smush-placeholder-width: 640px; --smush-placeholder-aspect-ratio: 640\/360;\" \/><\/a><\/figure>\n\n\n\n<p>Desde ese momento en adelante Estudiantes domin\u00f3 a Central C\u00f3rdoba en el desarrollo del juego. Casi convierte Santiago Ascac\u00edbar despu\u00e9s de una secuencia de 15 pases, pero Pablo Minissale y Sebasti\u00e1n Vald\u00e9z salvaron dos veces la pelota sobre la l\u00ednea.<\/p>\n\n\n\n<p>El Ferro, que necesitaba que se terminaran los primeros 45 minutos, estuvo muy cerca de marcar el empate con un remate de Mateo Sanabria que sacudi\u00f3 el palo derecho de Mat\u00edas Mansilla.<\/p>\n\n\n\n<p>Y como los goles que no se convierten en un arco, se hacen en el otro, eso lo aprovech\u00f3 Carrillo para ampliar la diferencia de pecho, tal como lo hizo Lionel Messi ante el Pincha en la final del Mundial de Clubes 2009, tras un centro desde la derecha de Cetr\u00e9.<\/p>\n\n\n\n<p>El 2-0 estuvo lejos de saciar a un Estudiantes que estaba decidido a liquidar el partido lo antes posible. Y casi lo logra con un estupendo tiro libre de Cetr\u00e9 que impact\u00f3 en el \u00e1ngulo. Tampoco pudo Ascac\u00edbar con el arco a su merced en el rebote.<\/p>\n\n\n\n<figure class=\"wp-block-image size-large\"><a href=\"https:\/\/i0.wp.com\/elterritorialweb.com.ar\/web\/wp-content\/uploads\/2024\/04\/CENTRAL-ESTUDIANTES-2.jpeg\"><img data-recalc-dims=\"1\" decoding=\"async\" width=\"640\" height=\"360\" data-src=\"https:\/\/i0.wp.com\/elterritorialweb.com.ar\/web\/wp-content\/uploads\/2024\/04\/CENTRAL-ESTUDIANTES-2.jpeg?resize=640%2C360\" alt=\"\" class=\"wp-image-65062 lazyload\" data-srcset=\"https:\/\/i0.wp.com\/elterritorialweb.com.ar\/web\/wp-content\/uploads\/2024\/04\/CENTRAL-ESTUDIANTES-2.jpeg?resize=1024%2C576&amp;ssl=1 1024w, https:\/\/i0.wp.com\/elterritorialweb.com.ar\/web\/wp-content\/uploads\/2024\/04\/CENTRAL-ESTUDIANTES-2.jpeg?resize=300%2C169&amp;ssl=1 300w, https:\/\/i0.wp.com\/elterritorialweb.com.ar\/web\/wp-content\/uploads\/2024\/04\/CENTRAL-ESTUDIANTES-2.jpeg?resize=768%2C432&amp;ssl=1 768w, https:\/\/i0.wp.com\/elterritorialweb.com.ar\/web\/wp-content\/uploads\/2024\/04\/CENTRAL-ESTUDIANTES-2.jpeg?resize=1536%2C863&amp;ssl=1 1536w, https:\/\/i0.wp.com\/elterritorialweb.com.ar\/web\/wp-content\/uploads\/2024\/04\/CENTRAL-ESTUDIANTES-2.jpeg?resize=2048%2C1151&amp;ssl=1 2048w, https:\/\/i0.wp.com\/elterritorialweb.com.ar\/web\/wp-content\/uploads\/2024\/04\/CENTRAL-ESTUDIANTES-2.jpeg?w=1280 1280w, https:\/\/i0.wp.com\/elterritorialweb.com.ar\/web\/wp-content\/uploads\/2024\/04\/CENTRAL-ESTUDIANTES-2.jpeg?w=1920 1920w\" data-sizes=\"(max-width: 640px) 100vw, 640px\" src=\"data:image\/svg+xml;base64,PHN2ZyB3aWR0aD0iMSIgaGVpZ2h0PSIxIiB4bWxucz0iaHR0cDovL3d3dy53My5vcmcvMjAwMC9zdmciPjwvc3ZnPg==\" style=\"--smush-placeholder-width: 640px; --smush-placeholder-aspect-ratio: 640\/360;\" \/><\/a><\/figure>\n\n\n\n<p>Antes de los vestuarios, Central C\u00f3rdoba estuvo a un suspiro de descontar en un momento en el cual el partido no le daba se\u00f1ales, o mejor dicho, cuando el Pincha se lo permit\u00eda. As\u00ed fue como el derechazo de Rodrigo Atencio roz\u00f3 el palo derecho de Mansilla.<\/p>\n\n\n\n<p>El segundo tiempo se puede decir que estuvo de m\u00e1s. Por un lado, Estudiantes aprovech\u00f3 cada una de las ventajas y las cambi\u00f3 por gol: primero Cetr\u00e9, despu\u00e9s Palacios, para el segundo de su cuenta personal, y por \u00faltimo el ingresado Javier Correa, quien mostr\u00f3 la misma voracidad que los que jugaron desde el arranque. titulares.<\/p>\n\n\n\n<p>Y por el otro se vio un Central C\u00f3rdoba completamente deslucido. Al Ferroviario no le qued\u00f3 otra que agruparse en el fondo e intentar cruzar el mediocampo de a ratos. Solo por Inglotti -y por la ayuda de los palos- la diferencia no fue m\u00e1s abultada.<\/p>\n\n\n\n<p>Central C\u00f3rdoba cerrar\u00e1 su participaci\u00f3n en la Copa de la Liga recibiendo a San Lorenzo, mientras que el Pincha debe completar su partido ante Boca y luego visitar\u00e1 a Lan\u00fas.<\/p>\n\n\n\n<figure class=\"wp-block-embed is-type-rich is-provider-gestor-del-servicio wp-block-embed-gestor-del-servicio wp-embed-aspect-16-9 wp-has-aspect-ratio\"><div class=\"wp-block-embed__wrapper\">\n<iframe title=\"\u00a1EL PINCHA VAPULE\u00d3 AL FERROVIARIO Y SE METE EN LA PELEA! | Estudiantes 5-0 Central C\u00f3rdoba | RESUMEN\" width=\"640\" height=\"360\" data-src=\"https:\/\/www.youtube.com\/embed\/pGK0SR9r8Tk?feature=oembed\" frameborder=\"0\" allow=\"accelerometer; autoplay; clipboard-write; encrypted-media; gyroscope; picture-in-picture; web-share\" referrerpolicy=\"strict-origin-when-cross-origin\" allowfullscreen src=\"data:image\/svg+xml;base64,PHN2ZyB3aWR0aD0iMSIgaGVpZ2h0PSIxIiB4bWxucz0iaHR0cDovL3d3dy53My5vcmcvMjAwMC9zdmciPjwvc3ZnPg==\" class=\"lazyload\" data-load-mode=\"1\"><\/iframe>\n<\/div><\/figure>\n","protected":false},"excerpt":{"rendered":"<p>El Ferro cay\u00f3 por 5-0 ante el Pincha y sigue sin levantar cabeza en la Copa de la Liga.<\/p>\n","protected":false},"author":2,"featured_media":65064,"comment_status":"open","ping_status":"open","sticky":false,"template":"","format":"standard","meta":{"om_disable_all_campaigns":false,"_monsterinsights_skip_tracking":false,"_monsterinsights_sitenote_active":false,"_monsterinsights_sitenote_note":"","_monsterinsights_sitenote_category":0,"_uf_show_specific_survey":0,"_uf_disable_surveys":false,"jetpack_post_was_ever_published":false,"_jetpack_newsletter_access":"","_jetpack_dont_email_post_to_subs":false,"_jetpack_newsletter_tier_id":0,"_jetpack_memberships_contains_paywalled_content":false,"_jetpack_memberships_contains_paid_content":false,"footnotes":"","jetpack_publicize_message":"","jetpack_publicize_feature_enabled":true,"jetpack_social_post_already_shared":false,"jetpack_social_options":{"image_generator_settings":{"template":"highway","default_image_id":0,"font":"","enabled":false},"version":2}},"categories":[6,4],"tags":[69,407,104],"class_list":["post-65060","post","type-post","status-publish","format-standard","has-post-thumbnail","hentry","category-deportes","category-destacadas","tag-central-cordoba","tag-estudiantes-de-la-plata","tag-liga-profesional-de-futbol"],"aioseo_notices":[],"views":14,"jetpack_publicize_connections":[],"jetpack_featured_media_url":"https:\/\/i0.wp.com\/elterritorialweb.com.ar\/web\/wp-content\/uploads\/2024\/04\/CENTRAL-ESTUDIANTES.jpeg?fit=2560%2C1440&ssl=1","jetpack_sharing_enabled":true,"_links":{"self":[{"href":"https:\/\/elterritorialweb.com.ar\/web\/wp-json\/wp\/v2\/posts\/65060","targetHints":{"allow":["GET"]}}],"collection":[{"href":"https:\/\/elterritorialweb.com.ar\/web\/wp-json\/wp\/v2\/posts"}],"about":[{"href":"https:\/\/elterritorialweb.com.ar\/web\/wp-json\/wp\/v2\/types\/post"}],"author":[{"embeddable":true,"href":"https:\/\/elterritorialweb.com.ar\/web\/wp-json\/wp\/v2\/users\/2"}],"replies":[{"embeddable":true,"href":"https:\/\/elterritorialweb.com.ar\/web\/wp-json\/wp\/v2\/comments?post=65060"}],"version-history":[{"count":1,"href":"https:\/\/elterritorialweb.com.ar\/web\/wp-json\/wp\/v2\/posts\/65060\/revisions"}],"predecessor-version":[{"id":65065,"href":"https:\/\/elterritorialweb.com.ar\/web\/wp-json\/wp\/v2\/posts\/65060\/revisions\/65065"}],"wp:featuredmedia":[{"embeddable":true,"href":"https:\/\/elterritorialweb.com.ar\/web\/wp-json\/wp\/v2\/media\/65064"}],"wp:attachment":[{"href":"https:\/\/elterritorialweb.com.ar\/web\/wp-json\/wp\/v2\/media?parent=65060"}],"wp:term":[{"taxonomy":"category","embeddable":true,"href":"https:\/\/elterritorialweb.com.ar\/web\/wp-json\/wp\/v2\/categories?post=65060"},{"taxonomy":"post_tag","embeddable":true,"href":"https:\/\/elterritorialweb.com.ar\/web\/wp-json\/wp\/v2\/tags?post=65060"}],"curies":[{"name":"wp","href":"https:\/\/api.w.org\/{rel}","templated":true}]}}