{"id":65071,"date":"2024-04-07T03:53:05","date_gmt":"2024-04-07T03:53:05","guid":{"rendered":"http:\/\/elterritorialweb.com.ar\/web\/?p=65071"},"modified":"2024-04-07T03:53:09","modified_gmt":"2024-04-07T03:53:09","slug":"segunda-jornada-de-pruebas-libres-en-el-autodromo-de-las-termas-con-mas-de-120-motos","status":"publish","type":"post","link":"https:\/\/elterritorialweb.com.ar\/web\/segunda-jornada-de-pruebas-libres-en-el-autodromo-de-las-termas-con-mas-de-120-motos\/","title":{"rendered":"SEGUNDA JORNADA DE PRUEBAS LIBRES EN EL AUT\u00d3DROMO DE LAS TERMAS CON M\u00c1S DE 120 MOTOS"},"content":{"rendered":"\n<p>Desde muy temprano, en el Aut\u00f3dromo Internacional de Termas de R\u00edo Hondo comenzaron a girar motos de todas las categor\u00edas en lo que fue la segunda jornada de las pruebas libres.<\/p>\n\n\n\n<figure class=\"wp-block-image size-large\"><a href=\"https:\/\/i0.wp.com\/elterritorialweb.com.ar\/web\/wp-content\/uploads\/2024\/04\/WhatsApp-Image-2024-04-06-at-19.49.37.jpeg\"><img data-recalc-dims=\"1\" decoding=\"async\" width=\"640\" height=\"426\" data-src=\"https:\/\/i0.wp.com\/elterritorialweb.com.ar\/web\/wp-content\/uploads\/2024\/04\/WhatsApp-Image-2024-04-06-at-19.49.37.jpeg?resize=640%2C426\" alt=\"\" class=\"wp-image-65074 lazyload\" data-srcset=\"https:\/\/i0.wp.com\/elterritorialweb.com.ar\/web\/wp-content\/uploads\/2024\/04\/WhatsApp-Image-2024-04-06-at-19.49.37.jpeg?resize=1024%2C682&amp;ssl=1 1024w, https:\/\/i0.wp.com\/elterritorialweb.com.ar\/web\/wp-content\/uploads\/2024\/04\/WhatsApp-Image-2024-04-06-at-19.49.37.jpeg?resize=300%2C200&amp;ssl=1 300w, https:\/\/i0.wp.com\/elterritorialweb.com.ar\/web\/wp-content\/uploads\/2024\/04\/WhatsApp-Image-2024-04-06-at-19.49.37.jpeg?resize=768%2C512&amp;ssl=1 768w, https:\/\/i0.wp.com\/elterritorialweb.com.ar\/web\/wp-content\/uploads\/2024\/04\/WhatsApp-Image-2024-04-06-at-19.49.37.jpeg?w=1280&amp;ssl=1 1280w\" data-sizes=\"(max-width: 640px) 100vw, 640px\" src=\"data:image\/svg+xml;base64,PHN2ZyB3aWR0aD0iMSIgaGVpZ2h0PSIxIiB4bWxucz0iaHR0cDovL3d3dy53My5vcmcvMjAwMC9zdmciPjwvc3ZnPg==\" style=\"--smush-placeholder-width: 640px; --smush-placeholder-aspect-ratio: 640\/426;\" \/><\/a><\/figure>\n\n\n\n<p>En un s\u00e1bado con un clima ideal probaron el prestigioso circuito m\u00e1s de 120 pilotos provenientes de Chile, Bolivia, Brasil, M\u00e9xico y de distintas provincias argentinas.<\/p>\n\n\n\n<p>Cabe recordar que la entrada es libre y gratuita por la puerta N\u00b0 1 a las tribunas premium.<\/p>\n","protected":false},"excerpt":{"rendered":"<p>Con la entrada libre y gratuita, se realiz\u00f3 la segunda jornada de este importante evento deportivo en la ciudad termal.<\/p>\n","protected":false},"author":2,"featured_media":65072,"comment_status":"open","ping_status":"open","sticky":false,"template":"","format":"standard","meta":{"om_disable_all_campaigns":false,"_monsterinsights_skip_tracking":false,"_monsterinsights_sitenote_active":false,"_monsterinsights_sitenote_note":"","_monsterinsights_sitenote_category":0,"_uf_show_specific_survey":0,"_uf_disable_surveys":false,"jetpack_post_was_ever_published":false,"_jetpack_newsletter_access":"","_jetpack_dont_email_post_to_subs":false,"_jetpack_newsletter_tier_id":0,"_jetpack_memberships_contains_paywalled_content":false,"_jetpack_memberships_contains_paid_content":false,"footnotes":"","jetpack_publicize_message":"","jetpack_publicize_feature_enabled":true,"jetpack_social_post_already_shared":false,"jetpack_social_options":{"image_generator_settings":{"template":"highway","default_image_id":0,"font":"","enabled":false},"version":2}},"categories":[6],"tags":[228],"class_list":["post-65071","post","type-post","status-publish","format-standard","has-post-thumbnail","hentry","category-deportes","tag-autodromo-internacional-termas-de-rio-hondo"],"aioseo_notices":[],"views":9,"jetpack_publicize_connections":[],"jetpack_featured_media_url":"https:\/\/i0.wp.com\/elterritorialweb.com.ar\/web\/wp-content\/uploads\/2024\/04\/WhatsApp-Image-2024-04-06-at-19.49.36.jpeg?fit=1280%2C853&ssl=1","jetpack_sharing_enabled":true,"_links":{"self":[{"href":"https:\/\/elterritorialweb.com.ar\/web\/wp-json\/wp\/v2\/posts\/65071","targetHints":{"allow":["GET"]}}],"collection":[{"href":"https:\/\/elterritorialweb.com.ar\/web\/wp-json\/wp\/v2\/posts"}],"about":[{"href":"https:\/\/elterritorialweb.com.ar\/web\/wp-json\/wp\/v2\/types\/post"}],"author":[{"embeddable":true,"href":"https:\/\/elterritorialweb.com.ar\/web\/wp-json\/wp\/v2\/users\/2"}],"replies":[{"embeddable":true,"href":"https:\/\/elterritorialweb.com.ar\/web\/wp-json\/wp\/v2\/comments?post=65071"}],"version-history":[{"count":1,"href":"https:\/\/elterritorialweb.com.ar\/web\/wp-json\/wp\/v2\/posts\/65071\/revisions"}],"predecessor-version":[{"id":65075,"href":"https:\/\/elterritorialweb.com.ar\/web\/wp-json\/wp\/v2\/posts\/65071\/revisions\/65075"}],"wp:featuredmedia":[{"embeddable":true,"href":"https:\/\/elterritorialweb.com.ar\/web\/wp-json\/wp\/v2\/media\/65072"}],"wp:attachment":[{"href":"https:\/\/elterritorialweb.com.ar\/web\/wp-json\/wp\/v2\/media?parent=65071"}],"wp:term":[{"taxonomy":"category","embeddable":true,"href":"https:\/\/elterritorialweb.com.ar\/web\/wp-json\/wp\/v2\/categories?post=65071"},{"taxonomy":"post_tag","embeddable":true,"href":"https:\/\/elterritorialweb.com.ar\/web\/wp-json\/wp\/v2\/tags?post=65071"}],"curies":[{"name":"wp","href":"https:\/\/api.w.org\/{rel}","templated":true}]}}