{"id":65076,"date":"2024-04-07T12:56:35","date_gmt":"2024-04-07T12:56:35","guid":{"rendered":"https:\/\/elterritorialweb.com.ar\/web\/?p=65076"},"modified":"2024-04-07T12:56:39","modified_gmt":"2024-04-07T12:56:39","slug":"el-parque-aguirre-recupera-areas-verdes-para-la-ciudad","status":"publish","type":"post","link":"https:\/\/elterritorialweb.com.ar\/web\/el-parque-aguirre-recupera-areas-verdes-para-la-ciudad\/","title":{"rendered":"EL PARQUE AGUIRRE RECUPERA \u00c1REAS VERDES PARA LA CIUDAD"},"content":{"rendered":"\n<p>Dando cumplimiento a los ejes de gesti\u00f3n de la Municipalidad de la Capital sobre la ampliaci\u00f3n de espacios para el uso de los vecinos, el parque Aguirre incorpor\u00f3 m\u00e1s de siete mil metros cuadrados de superficie para la instalaci\u00f3n de juegos infantiles con la Plaza del Bicentenario de la Autonom\u00eda Provincial.<br>Se procedi\u00f3 al reordenamiento del espacio mediante un trazado regular de senderos, que vinculan sectores de estar con los juegos infantiles, acompa\u00f1ados por las columnas de iluminaci\u00f3n desarrolladas con tecnolog\u00eda LED.<br>Con este espacio, se dio continuidad al vincularse mediante un corredor con el Parque de los Ni\u00f1os, y la revalorizaci\u00f3n de la cancha de basquet en la cual Santiago del Estero obtuvo el Campeonato de 1968, que tambi\u00e9n cont\u00f3 con mejoras en su equipamiento.<br>Estos trabajos de recuperaci\u00f3n de \u00e1reas verdes incluyen obras en marcha como la futura y amplia plaza Mama Antula, un espacio que estar\u00e1 totalmente equipado con pista de atletismo, bicisendas, juegos infantiles para distintas edades, merenderos, entre otros. La superficie que abarcar\u00e1 ser\u00e1 desde el Parque del Encuentro hasta la avenida Alsina.<br>Tambi\u00e9n otra obra de mejora en marcha es la remodelaci\u00f3n total del camping Las Casuarinas.<\/p>\n","protected":false},"excerpt":{"rendered":"<p>La obra consisti\u00f3 en la remodelaci\u00f3n y puesta en valor del sector, para un aprovechamiento en todo lo que respecta a las actividades que all\u00ed se desarrollan.<\/p>\n","protected":false},"author":2,"featured_media":65077,"comment_status":"open","ping_status":"open","sticky":false,"template":"","format":"standard","meta":{"om_disable_all_campaigns":false,"_monsterinsights_skip_tracking":false,"_monsterinsights_sitenote_active":false,"_monsterinsights_sitenote_note":"","_monsterinsights_sitenote_category":0,"_uf_show_specific_survey":0,"_uf_disable_surveys":false,"jetpack_post_was_ever_published":false,"_jetpack_newsletter_access":"","_jetpack_dont_email_post_to_subs":false,"_jetpack_newsletter_tier_id":0,"_jetpack_memberships_contains_paywalled_content":false,"_jetpack_memberships_contains_paid_content":false,"footnotes":"","jetpack_publicize_message":"","jetpack_publicize_feature_enabled":true,"jetpack_social_post_already_shared":false,"jetpack_social_options":{"image_generator_settings":{"template":"highway","default_image_id":0,"font":"","enabled":false},"version":2}},"categories":[4,21],"tags":[73],"class_list":["post-65076","post","type-post","status-publish","format-standard","has-post-thumbnail","hentry","category-destacadas","category-locales","tag-municipalidad-de-la-capital"],"aioseo_notices":[],"views":11,"jetpack_publicize_connections":[],"jetpack_featured_media_url":"https:\/\/i0.wp.com\/elterritorialweb.com.ar\/web\/wp-content\/uploads\/2024\/04\/parque-aguirre.jpg?fit=1280%2C805&ssl=1","jetpack_sharing_enabled":true,"_links":{"self":[{"href":"https:\/\/elterritorialweb.com.ar\/web\/wp-json\/wp\/v2\/posts\/65076","targetHints":{"allow":["GET"]}}],"collection":[{"href":"https:\/\/elterritorialweb.com.ar\/web\/wp-json\/wp\/v2\/posts"}],"about":[{"href":"https:\/\/elterritorialweb.com.ar\/web\/wp-json\/wp\/v2\/types\/post"}],"author":[{"embeddable":true,"href":"https:\/\/elterritorialweb.com.ar\/web\/wp-json\/wp\/v2\/users\/2"}],"replies":[{"embeddable":true,"href":"https:\/\/elterritorialweb.com.ar\/web\/wp-json\/wp\/v2\/comments?post=65076"}],"version-history":[{"count":1,"href":"https:\/\/elterritorialweb.com.ar\/web\/wp-json\/wp\/v2\/posts\/65076\/revisions"}],"predecessor-version":[{"id":65078,"href":"https:\/\/elterritorialweb.com.ar\/web\/wp-json\/wp\/v2\/posts\/65076\/revisions\/65078"}],"wp:featuredmedia":[{"embeddable":true,"href":"https:\/\/elterritorialweb.com.ar\/web\/wp-json\/wp\/v2\/media\/65077"}],"wp:attachment":[{"href":"https:\/\/elterritorialweb.com.ar\/web\/wp-json\/wp\/v2\/media?parent=65076"}],"wp:term":[{"taxonomy":"category","embeddable":true,"href":"https:\/\/elterritorialweb.com.ar\/web\/wp-json\/wp\/v2\/categories?post=65076"},{"taxonomy":"post_tag","embeddable":true,"href":"https:\/\/elterritorialweb.com.ar\/web\/wp-json\/wp\/v2\/tags?post=65076"}],"curies":[{"name":"wp","href":"https:\/\/api.w.org\/{rel}","templated":true}]}}