{"id":65079,"date":"2024-04-07T14:00:16","date_gmt":"2024-04-07T14:00:16","guid":{"rendered":"https:\/\/elterritorialweb.com.ar\/web\/?p=65079"},"modified":"2024-04-07T14:00:19","modified_gmt":"2024-04-07T14:00:19","slug":"mitre-y-guemes-se-enfrentan-en-una-nueva-edicion-del-clasico-santiagueno","status":"publish","type":"post","link":"https:\/\/elterritorialweb.com.ar\/web\/mitre-y-guemes-se-enfrentan-en-una-nueva-edicion-del-clasico-santiagueno\/","title":{"rendered":"MITRE Y G\u00dcEMES SE ENFRENTAN EN UNA NUEVA EDICI\u00d3N DEL CL\u00c1SICO SANTIAGUE\u00d1O"},"content":{"rendered":"\n<p><strong>Mitre y G\u00fcemes<\/strong> salen a escena en una nueva edici\u00f3n del <strong>cl\u00e1sico santiague\u00f1o<\/strong> en un encuentro correspondiente<strong> a la 10\u00aa fecha de la Primera Nacional,<\/strong> en donde ambos conjuntos intentar\u00e1n reencontrarse con la victoria y cortar la racha adversa.<\/p>\n\n\n\n<p>El <strong>partido se disputar\u00e1<\/strong> desde las <strong>17 en el estadio Drs. Jos\u00e9 y Antonio Castiglione<\/strong>, con el arbitraje de Bruno Amiconi y transmisi\u00f3n de TyC Sports Play.<\/p>\n\n\n\n<p>El <strong>conjunto Aurinegro<\/strong> llega a este encuentro con una racha adversa de <strong>seis partidos sin ganar<\/strong> en donde cosech\u00f3 <strong>cuatro empates<\/strong>. En su \u00faltimo juego perdi\u00f3 de local por 1-0 ante Aldosivi de Mar del Plata y <strong>cay\u00f3 a la 11\u00aa posici\u00f3n de la zona B <\/strong>con <strong>11 unidades<\/strong>.<\/p>\n\n\n\n<p>Por su parte, el <strong>Gaucho<\/strong> viene de <strong>empatar sin goles en su visita a Alvarado de Mar del Plata<\/strong>, resultado que lo dej\u00f3 en la <strong>16\u00aa posici\u00f3n de la zona A con 9 puntos.<\/strong> As\u00ed, el equipo de La Isla acumula <strong>siete partidos sin ganar <\/strong>en donde acumula <strong>cinco empates<\/strong>.<\/p>\n\n\n\n<p>Para este partido los entrenadores no confirmaron los equipos. Por el lado del local, Joaqu\u00edn Sastre mantiene varias dudas D\u00edaz o Mieres en defensa; Ferrari o Castro y Gobetto o Coppo en el medio y Juncos o el propio Castro en ataque. En tanto que Walter Marchesi tiene las cosas m\u00e1s claras y repetir\u00eda el equipo.<\/p>\n\n\n\n<p>En consecuencia, Mitre formar\u00eda con Jachfe; D\u00edaz o Mieres, Piris, Ferreyra, S\u00e1nchez; Ferrari o Castro, Alesandroni, Gobetto o Coppo, Mansilla; Posse y Juncos o Castro. Mientras que G\u00fcemes lo har\u00eda con Mendon\u00e7a; Broggi, Ju\u00e1rez, Berra, L\u00f3pez; Gerez, Alarc\u00f3n, Papa, Carruega; Torres y Vega.<\/p>\n\n\n\n<p>El historial entre ambos en la Primera Nacional solo registra un empate en la temporada 2022. Sin embargo, en torneos nacionales, Mitre se impuso en seis de los nueve enfrentamientos que sostuvieron. Empataron los restantes tres, aunque en uno, G\u00fcemes se qued\u00f3 con los tres puntos por decisi\u00f3n del Tribunal de Disciplina debido a la agresi\u00f3n a un jugador.<\/p>\n","protected":false},"excerpt":{"rendered":"<p>El Aurinegro y el Gaucho se miden en un cl\u00e1sico santiague\u00f1o entre dos equipos que necesitan levantarse por la Primera Nacional.<\/p>\n","protected":false},"author":2,"featured_media":42863,"comment_status":"open","ping_status":"open","sticky":false,"template":"","format":"standard","meta":{"om_disable_all_campaigns":false,"_monsterinsights_skip_tracking":false,"_monsterinsights_sitenote_active":false,"_monsterinsights_sitenote_note":"","_monsterinsights_sitenote_category":0,"_uf_show_specific_survey":0,"_uf_disable_surveys":false,"jetpack_post_was_ever_published":false,"_jetpack_newsletter_access":"","_jetpack_dont_email_post_to_subs":false,"_jetpack_newsletter_tier_id":0,"_jetpack_memberships_contains_paywalled_content":false,"_jetpack_memberships_contains_paid_content":false,"footnotes":"","jetpack_publicize_message":"","jetpack_publicize_feature_enabled":true,"jetpack_social_post_already_shared":false,"jetpack_social_options":{"image_generator_settings":{"template":"highway","default_image_id":0,"font":"","enabled":false},"version":2}},"categories":[6,4],"tags":[712,102,94],"class_list":["post-65079","post","type-post","status-publish","format-standard","has-post-thumbnail","hentry","category-deportes","category-destacadas","tag-club-atetico-guemes","tag-club-atletico-mitre","tag-primera-nacional"],"aioseo_notices":[],"views":32,"jetpack_publicize_connections":[],"jetpack_featured_media_url":"https:\/\/i0.wp.com\/elterritorialweb.com.ar\/web\/wp-content\/uploads\/2022\/07\/MITRE-GUEMES-2.jpeg?fit=1280%2C698&ssl=1","jetpack_sharing_enabled":true,"_links":{"self":[{"href":"https:\/\/elterritorialweb.com.ar\/web\/wp-json\/wp\/v2\/posts\/65079","targetHints":{"allow":["GET"]}}],"collection":[{"href":"https:\/\/elterritorialweb.com.ar\/web\/wp-json\/wp\/v2\/posts"}],"about":[{"href":"https:\/\/elterritorialweb.com.ar\/web\/wp-json\/wp\/v2\/types\/post"}],"author":[{"embeddable":true,"href":"https:\/\/elterritorialweb.com.ar\/web\/wp-json\/wp\/v2\/users\/2"}],"replies":[{"embeddable":true,"href":"https:\/\/elterritorialweb.com.ar\/web\/wp-json\/wp\/v2\/comments?post=65079"}],"version-history":[{"count":1,"href":"https:\/\/elterritorialweb.com.ar\/web\/wp-json\/wp\/v2\/posts\/65079\/revisions"}],"predecessor-version":[{"id":65080,"href":"https:\/\/elterritorialweb.com.ar\/web\/wp-json\/wp\/v2\/posts\/65079\/revisions\/65080"}],"wp:featuredmedia":[{"embeddable":true,"href":"https:\/\/elterritorialweb.com.ar\/web\/wp-json\/wp\/v2\/media\/42863"}],"wp:attachment":[{"href":"https:\/\/elterritorialweb.com.ar\/web\/wp-json\/wp\/v2\/media?parent=65079"}],"wp:term":[{"taxonomy":"category","embeddable":true,"href":"https:\/\/elterritorialweb.com.ar\/web\/wp-json\/wp\/v2\/categories?post=65079"},{"taxonomy":"post_tag","embeddable":true,"href":"https:\/\/elterritorialweb.com.ar\/web\/wp-json\/wp\/v2\/tags?post=65079"}],"curies":[{"name":"wp","href":"https:\/\/api.w.org\/{rel}","templated":true}]}}