{"id":65081,"date":"2024-04-07T18:25:08","date_gmt":"2024-04-07T18:25:08","guid":{"rendered":"http:\/\/elterritorialweb.com.ar\/web\/?p=65081"},"modified":"2024-04-07T18:28:06","modified_gmt":"2024-04-07T18:28:06","slug":"la-comuna-bandena-intensifica-los-trabajos-de-fumigacion-en-diferentes-puntos-de-la-ciudad","status":"publish","type":"post","link":"https:\/\/elterritorialweb.com.ar\/web\/la-comuna-bandena-intensifica-los-trabajos-de-fumigacion-en-diferentes-puntos-de-la-ciudad\/","title":{"rendered":"LA COMUNA BANDE\u00d1A INTENSIFICA LOS TRABAJOS DE FUMIGACI\u00d3N EN DIFERENTES PUNTOS DE LA CIUDAD"},"content":{"rendered":"\n<p>El lunes se fumigar\u00e1n los barrios El Rinc\u00f3n, Procrear y Las Moras 1 y 2; el martes en los barrios Gorrini (viejo y ampliaci\u00f3n); Cabildo Santiague\u00f1o; Quilmes y Dorrego. El mi\u00e9rcoles en La Bajada; Ampliaci\u00f3n Primero de Mayo; Ampliaci\u00f3n El Polear; y Rubia Moreno. El jueves en los barrios El Cruce; Villa Elena; Lourdes; 17 de Octubre; y La Isla. El viernes en los barrios Rio Dulce; Primero de Mayo; Cuarto Centenario; Ampliaci\u00f3n Parque Industrial y finalmente, el s\u00e1bado en La Fraternidad; Ramos Taboada y Finca de Ramos<br>En este sentido, se solicita a la comunidad acompa\u00f1ar el trabajo que realiza el municipio, evitando arrojar basura en espacios p\u00fablicos para controlar la formaci\u00f3n de mini basurales que se conviertan en focos infecciosos.<br>Asimismo, mantener la limpieza de los domicilios, retirando recipientes que puedan acumular agua que favorezcan a la reproducci\u00f3n del mosquito transmisor de la enfermedad del Dengue.<\/p>\n","protected":false},"excerpt":{"rendered":"<p>En el marco de la campa\u00f1a de \u201cLucha contra el Dengue\u201d, promovida por la gesti\u00f3n del intendente Ing. Roger Nediani, la Secretar\u00eda de Servicios P\u00fablicos de la Municipalidad de La Banda inform\u00f3 el cronograma de los trabajos de fumigaci\u00f3n que se realizar\u00e1n en los barrios de La Banda desde el lunes 8 al s\u00e1bado 13 de abril.<\/p>\n","protected":false},"author":2,"featured_media":65082,"comment_status":"open","ping_status":"open","sticky":false,"template":"","format":"standard","meta":{"om_disable_all_campaigns":false,"_monsterinsights_skip_tracking":false,"_monsterinsights_sitenote_active":false,"_monsterinsights_sitenote_note":"","_monsterinsights_sitenote_category":0,"_uf_show_specific_survey":0,"_uf_disable_surveys":false,"jetpack_post_was_ever_published":false,"_jetpack_newsletter_access":"","_jetpack_dont_email_post_to_subs":false,"_jetpack_newsletter_tier_id":0,"_jetpack_memberships_contains_paywalled_content":false,"_jetpack_memberships_contains_paid_content":false,"footnotes":"","jetpack_publicize_message":"","jetpack_publicize_feature_enabled":true,"jetpack_social_post_already_shared":false,"jetpack_social_options":{"image_generator_settings":{"template":"highway","default_image_id":0,"font":"","enabled":false},"version":2}},"categories":[9,4],"tags":[113,71],"class_list":["post-65081","post","type-post","status-publish","format-standard","has-post-thumbnail","hentry","category-banda","category-destacadas","tag-fumigacion","tag-municipalidad-de-la-banda"],"aioseo_notices":[],"views":11,"jetpack_publicize_connections":[],"jetpack_featured_media_url":"https:\/\/i0.wp.com\/elterritorialweb.com.ar\/web\/wp-content\/uploads\/2024\/04\/BANDA-FUMIGACION.jpeg?fit=1200%2C675&ssl=1","jetpack_sharing_enabled":true,"_links":{"self":[{"href":"https:\/\/elterritorialweb.com.ar\/web\/wp-json\/wp\/v2\/posts\/65081","targetHints":{"allow":["GET"]}}],"collection":[{"href":"https:\/\/elterritorialweb.com.ar\/web\/wp-json\/wp\/v2\/posts"}],"about":[{"href":"https:\/\/elterritorialweb.com.ar\/web\/wp-json\/wp\/v2\/types\/post"}],"author":[{"embeddable":true,"href":"https:\/\/elterritorialweb.com.ar\/web\/wp-json\/wp\/v2\/users\/2"}],"replies":[{"embeddable":true,"href":"https:\/\/elterritorialweb.com.ar\/web\/wp-json\/wp\/v2\/comments?post=65081"}],"version-history":[{"count":1,"href":"https:\/\/elterritorialweb.com.ar\/web\/wp-json\/wp\/v2\/posts\/65081\/revisions"}],"predecessor-version":[{"id":65083,"href":"https:\/\/elterritorialweb.com.ar\/web\/wp-json\/wp\/v2\/posts\/65081\/revisions\/65083"}],"wp:featuredmedia":[{"embeddable":true,"href":"https:\/\/elterritorialweb.com.ar\/web\/wp-json\/wp\/v2\/media\/65082"}],"wp:attachment":[{"href":"https:\/\/elterritorialweb.com.ar\/web\/wp-json\/wp\/v2\/media?parent=65081"}],"wp:term":[{"taxonomy":"category","embeddable":true,"href":"https:\/\/elterritorialweb.com.ar\/web\/wp-json\/wp\/v2\/categories?post=65081"},{"taxonomy":"post_tag","embeddable":true,"href":"https:\/\/elterritorialweb.com.ar\/web\/wp-json\/wp\/v2\/tags?post=65081"}],"curies":[{"name":"wp","href":"https:\/\/api.w.org\/{rel}","templated":true}]}}