{"id":65162,"date":"2024-04-11T21:58:50","date_gmt":"2024-04-11T21:58:50","guid":{"rendered":"https:\/\/elterritorialweb.com.ar\/web\/?p=65162"},"modified":"2024-04-11T21:58:53","modified_gmt":"2024-04-11T21:58:53","slug":"nediani-recibio-a-la-asociacion-de-pastores-evangelicos","status":"publish","type":"post","link":"https:\/\/elterritorialweb.com.ar\/web\/nediani-recibio-a-la-asociacion-de-pastores-evangelicos\/","title":{"rendered":"NEDIANI RECIBI\u00d3 A LA ASOCIACI\u00d3N DE PASTORES EVANG\u00c9LICOS"},"content":{"rendered":"\n<p>El Municipio de La Banda estableci\u00f3 una alianza estrat\u00e9gica con diversas iglesias locales con el objetivo de coordinar esfuerzos y recursos para beneficiar a la comunidad.<br>Estas reuniones buscan establecer objetivos comunes para abordar los desaf\u00edos sociales y econ\u00f3micos en la regi\u00f3n, con un enfoque principal que se centrar\u00e1 en la comunidad organizada, donde la Iglesia, la Municipalidad y los vecinos colaborar\u00e1n para encontrar soluciones a los problemas cotidianos que afectan a la sociedad.<br>En esta oportunidad, tanto el Municipio como las Iglesias han destacado la importancia del trabajo en equipo y la colaboraci\u00f3n mutua para alcanzar objetivos comunes. Se resalta el compromiso de ambas partes para brindar un servicio de excelencia a la comunidad y mejorar la calidad de vida de los ciudadanos.<br>La colaboraci\u00f3n entre el Municipio de La Banda y las Iglesias locales es un ejemplo de c\u00f3mo el trabajo en equipo puede tener un impacto positivo en la comunidad.<br>Destacando el compromiso y la dedicaci\u00f3n de todas las partes involucradas, animando a seguir trabajando juntos para construir un futuro mejor para todos los ciudadanos de La Banda.<\/p>\n","protected":false},"excerpt":{"rendered":"<p>El Intendente de la ciudad de La Banda, Roger Nediani, en una serie de reuniones y encuentros con l\u00edderes religiosos, recibi\u00f3 junto al Responsable de Culto Municipal, Roberto Jaimes, a la Asociaci\u00f3n de Pastores para diagramar proyectos y acciones conjuntas para fortalecer el tejido social y brindar apoyo integral a quienes m\u00e1s lo necesitan.<\/p>\n","protected":false},"author":2,"featured_media":65163,"comment_status":"open","ping_status":"open","sticky":false,"template":"","format":"standard","meta":{"om_disable_all_campaigns":false,"_monsterinsights_skip_tracking":false,"_monsterinsights_sitenote_active":false,"_monsterinsights_sitenote_note":"","_monsterinsights_sitenote_category":0,"_uf_show_specific_survey":0,"_uf_disable_surveys":false,"jetpack_post_was_ever_published":false,"_jetpack_newsletter_access":"","_jetpack_dont_email_post_to_subs":false,"_jetpack_newsletter_tier_id":0,"_jetpack_memberships_contains_paywalled_content":false,"_jetpack_memberships_contains_paid_content":false,"footnotes":"","jetpack_publicize_message":"","jetpack_publicize_feature_enabled":true,"jetpack_social_post_already_shared":false,"jetpack_social_options":{"image_generator_settings":{"template":"highway","default_image_id":0,"font":"","enabled":false},"version":2}},"categories":[9],"tags":[],"class_list":["post-65162","post","type-post","status-publish","format-standard","has-post-thumbnail","hentry","category-banda"],"aioseo_notices":[],"views":9,"jetpack_publicize_connections":[],"jetpack_featured_media_url":"https:\/\/i0.wp.com\/elterritorialweb.com.ar\/web\/wp-content\/uploads\/2024\/04\/IMG-20240411-WA0015.jpg?fit=1513%2C998&ssl=1","jetpack_sharing_enabled":true,"_links":{"self":[{"href":"https:\/\/elterritorialweb.com.ar\/web\/wp-json\/wp\/v2\/posts\/65162","targetHints":{"allow":["GET"]}}],"collection":[{"href":"https:\/\/elterritorialweb.com.ar\/web\/wp-json\/wp\/v2\/posts"}],"about":[{"href":"https:\/\/elterritorialweb.com.ar\/web\/wp-json\/wp\/v2\/types\/post"}],"author":[{"embeddable":true,"href":"https:\/\/elterritorialweb.com.ar\/web\/wp-json\/wp\/v2\/users\/2"}],"replies":[{"embeddable":true,"href":"https:\/\/elterritorialweb.com.ar\/web\/wp-json\/wp\/v2\/comments?post=65162"}],"version-history":[{"count":1,"href":"https:\/\/elterritorialweb.com.ar\/web\/wp-json\/wp\/v2\/posts\/65162\/revisions"}],"predecessor-version":[{"id":65164,"href":"https:\/\/elterritorialweb.com.ar\/web\/wp-json\/wp\/v2\/posts\/65162\/revisions\/65164"}],"wp:featuredmedia":[{"embeddable":true,"href":"https:\/\/elterritorialweb.com.ar\/web\/wp-json\/wp\/v2\/media\/65163"}],"wp:attachment":[{"href":"https:\/\/elterritorialweb.com.ar\/web\/wp-json\/wp\/v2\/media?parent=65162"}],"wp:term":[{"taxonomy":"category","embeddable":true,"href":"https:\/\/elterritorialweb.com.ar\/web\/wp-json\/wp\/v2\/categories?post=65162"},{"taxonomy":"post_tag","embeddable":true,"href":"https:\/\/elterritorialweb.com.ar\/web\/wp-json\/wp\/v2\/tags?post=65162"}],"curies":[{"name":"wp","href":"https:\/\/api.w.org\/{rel}","templated":true}]}}