{"id":65166,"date":"2024-04-11T22:51:07","date_gmt":"2024-04-11T22:51:07","guid":{"rendered":"https:\/\/elterritorialweb.com.ar\/web\/?p=65166"},"modified":"2024-04-11T22:51:10","modified_gmt":"2024-04-11T22:51:10","slug":"los-equipos-de-salud-profundizan-las-estrategias-de-seguimiento-de-personas-con-enfermedades-cronicas","status":"publish","type":"post","link":"https:\/\/elterritorialweb.com.ar\/web\/los-equipos-de-salud-profundizan-las-estrategias-de-seguimiento-de-personas-con-enfermedades-cronicas\/","title":{"rendered":"LOS EQUIPOS DE SALUD PROFUNDIZAN LAS ESTRATEGIAS DE SEGUIMIENTO DE PERSONAS CON ENFERMEDADES CR\u00d3NICAS"},"content":{"rendered":"\n<p>En el auditorio del&nbsp;<strong>Ministerio de Salud&nbsp;<\/strong>se llev\u00f3 a cabo un encuentro en el que se afianzaron estrategias para brindar&nbsp;<strong>cobertura efectiva<\/strong>, como as\u00ed tambi\u00e9n en los indicadores sanitarios que son los objetivos a cumplir por cada&nbsp;<strong>centro de salud&nbsp;<\/strong>en la atenci\u00f3n de su poblaci\u00f3n a cargo.<\/p>\n\n\n\n<p>Tambi\u00e9n se abordaron las herramientas de registro de las atenciones y el \u00e1rea de<strong>\u00a0Salud Digital\u00a0<\/strong>present\u00f3 la nueva versi\u00f3n del\u00a0<strong>SISSE (Sistema integrado de salud de Santiago del Estero).<\/strong><\/p>\n\n\n\n<figure class=\"wp-block-image size-full\"><a href=\"https:\/\/i0.wp.com\/elterritorialweb.com.ar\/web\/wp-content\/uploads\/2024\/04\/436858007_744790027842524_4197051656769576190_n-768x509-1.jpg\"><img data-recalc-dims=\"1\" decoding=\"async\" width=\"640\" height=\"424\" data-src=\"https:\/\/i0.wp.com\/elterritorialweb.com.ar\/web\/wp-content\/uploads\/2024\/04\/436858007_744790027842524_4197051656769576190_n-768x509-1.jpg?resize=640%2C424\" alt=\"\" class=\"wp-image-65168 lazyload\" data-srcset=\"https:\/\/i0.wp.com\/elterritorialweb.com.ar\/web\/wp-content\/uploads\/2024\/04\/436858007_744790027842524_4197051656769576190_n-768x509-1.jpg?w=768&amp;ssl=1 768w, https:\/\/i0.wp.com\/elterritorialweb.com.ar\/web\/wp-content\/uploads\/2024\/04\/436858007_744790027842524_4197051656769576190_n-768x509-1.jpg?resize=300%2C199&amp;ssl=1 300w\" data-sizes=\"(max-width: 640px) 100vw, 640px\" src=\"data:image\/svg+xml;base64,PHN2ZyB3aWR0aD0iMSIgaGVpZ2h0PSIxIiB4bWxucz0iaHR0cDovL3d3dy53My5vcmcvMjAwMC9zdmciPjwvc3ZnPg==\" style=\"--smush-placeholder-width: 640px; --smush-placeholder-aspect-ratio: 640\/424;\" \/><\/a><\/figure>\n\n\n\n<p>Particip\u00f3 el equipo t\u00e9cnico del&nbsp;<strong>Programa SUMAR&nbsp;<\/strong>coordinados por la&nbsp;<strong>Dra Laura Guevel<\/strong>; el director de Salud Comunitaria,&nbsp;<strong>Gonzalo Ter\u00e1n<\/strong>,&nbsp;<strong>coordinadores y coordinadoras de centros de atenci\u00f3n primaria<\/strong>, entre otros.<\/p>\n\n\n\n<p>El&nbsp;<strong>Programa Sumar<\/strong>&nbsp;es una&nbsp;<strong>pol\u00edtica p\u00fablica<\/strong>&nbsp;que promueve un acceso equitativo y de calidad a los servicios de salud para toda la poblaci\u00f3n que no posee cobertura formal en salud. La estrategia de nominalizaci\u00f3n del&nbsp;<strong>Programa Sumar<\/strong>&nbsp;permite el cuidado y seguimiento de la poblaci\u00f3n por parte del sistema de salud, explicitando los servicios que conforman su derecho a la salud, asign\u00e1ndole contenido y alcance preciso.<\/p>\n","protected":false},"excerpt":{"rendered":"<p>Los equipos de Salud de UPAs y CAPs trabajan junto al programa SUMAR y la direcci\u00f3n de Atenci\u00f3n Primaria de la Salud para fortalecer las estrategias que permitan cumplir con los indicadores sanitarios en la detecci\u00f3n y seguimiento de personas con diabetes, hipertensi\u00f3n, de personas gestantes y de ni\u00f1os y ni\u00f1as que no tienen obra social.<\/p>\n","protected":false},"author":2,"featured_media":65167,"comment_status":"open","ping_status":"open","sticky":false,"template":"","format":"standard","meta":{"om_disable_all_campaigns":false,"_monsterinsights_skip_tracking":false,"_monsterinsights_sitenote_active":false,"_monsterinsights_sitenote_note":"","_monsterinsights_sitenote_category":0,"_uf_show_specific_survey":0,"_uf_disable_surveys":false,"jetpack_post_was_ever_published":false,"_jetpack_newsletter_access":"","_jetpack_dont_email_post_to_subs":false,"_jetpack_newsletter_tier_id":0,"_jetpack_memberships_contains_paywalled_content":false,"_jetpack_memberships_contains_paid_content":false,"footnotes":"","jetpack_publicize_message":"","jetpack_publicize_feature_enabled":true,"jetpack_social_post_already_shared":false,"jetpack_social_options":{"image_generator_settings":{"template":"highway","default_image_id":0,"font":"","enabled":false},"version":2}},"categories":[3],"tags":[287],"class_list":["post-65166","post","type-post","status-publish","format-standard","has-post-thumbnail","hentry","category-salud","tag-ministerio-de-salud-de-santiago-del-estero"],"aioseo_notices":[],"views":7,"jetpack_publicize_connections":[],"jetpack_featured_media_url":"https:\/\/i0.wp.com\/elterritorialweb.com.ar\/web\/wp-content\/uploads\/2024\/04\/equipos-de-salud-768x433-1.jpg?fit=768%2C433&ssl=1","jetpack_sharing_enabled":true,"_links":{"self":[{"href":"https:\/\/elterritorialweb.com.ar\/web\/wp-json\/wp\/v2\/posts\/65166","targetHints":{"allow":["GET"]}}],"collection":[{"href":"https:\/\/elterritorialweb.com.ar\/web\/wp-json\/wp\/v2\/posts"}],"about":[{"href":"https:\/\/elterritorialweb.com.ar\/web\/wp-json\/wp\/v2\/types\/post"}],"author":[{"embeddable":true,"href":"https:\/\/elterritorialweb.com.ar\/web\/wp-json\/wp\/v2\/users\/2"}],"replies":[{"embeddable":true,"href":"https:\/\/elterritorialweb.com.ar\/web\/wp-json\/wp\/v2\/comments?post=65166"}],"version-history":[{"count":1,"href":"https:\/\/elterritorialweb.com.ar\/web\/wp-json\/wp\/v2\/posts\/65166\/revisions"}],"predecessor-version":[{"id":65169,"href":"https:\/\/elterritorialweb.com.ar\/web\/wp-json\/wp\/v2\/posts\/65166\/revisions\/65169"}],"wp:featuredmedia":[{"embeddable":true,"href":"https:\/\/elterritorialweb.com.ar\/web\/wp-json\/wp\/v2\/media\/65167"}],"wp:attachment":[{"href":"https:\/\/elterritorialweb.com.ar\/web\/wp-json\/wp\/v2\/media?parent=65166"}],"wp:term":[{"taxonomy":"category","embeddable":true,"href":"https:\/\/elterritorialweb.com.ar\/web\/wp-json\/wp\/v2\/categories?post=65166"},{"taxonomy":"post_tag","embeddable":true,"href":"https:\/\/elterritorialweb.com.ar\/web\/wp-json\/wp\/v2\/tags?post=65166"}],"curies":[{"name":"wp","href":"https:\/\/api.w.org\/{rel}","templated":true}]}}