{"id":65178,"date":"2024-04-12T01:29:22","date_gmt":"2024-04-12T01:29:22","guid":{"rendered":"https:\/\/elterritorialweb.com.ar\/web\/?p=65178"},"modified":"2024-04-12T01:29:25","modified_gmt":"2024-04-12T01:29:25","slug":"el-banco-central-dispuso-una-baja-de-10-puntos-y-fijo-la-tasa-de-interes-en-70","status":"publish","type":"post","link":"https:\/\/elterritorialweb.com.ar\/web\/el-banco-central-dispuso-una-baja-de-10-puntos-y-fijo-la-tasa-de-interes-en-70\/","title":{"rendered":"EL BANCO CENTRAL DISPUSO UNA BAJA DE 10 PUNTOS Y FIJ\u00d3 LA TASA DE INTER\u00c9S EN 70%"},"content":{"rendered":"\n<p>Tal&nbsp;como se hab\u00eda anticipado durante esta semana,&nbsp;<strong>el Banco Central dispuso una baja de 10 puntos de la tasa de pol\u00edtica monetaria, por lo que cae al 70%<\/strong>. La decisi\u00f3n se apoya en las previsiones del Gobierno respecto al \u00cdndice de Precios al Consumidor (IPC) de marzo que dar\u00e1 a conocer el viernes el Instituto Nacional de Estad\u00edstica y Censos (INDEC) y en el retroceso del d\u00f3lar.<\/p>\n\n\n\n<p>Esta cifra equivale a un&nbsp;<strong>rendimiento efectivo mensual (TEM) 5,4% y una tasa efectiva anual (TEA) de 101,2%<\/strong>. Adem\u00e1s, subieron los encajes de las cuentas remuneradas del 0% al 10%.<\/p>\n\n\n\n<p>Desde Casa Rosada prev\u00e9n un dato de inflaci\u00f3n cercano al 10% para el tercer mes del a\u00f1o, mientras que consultoras privadas lo sit\u00faan ligeramente m\u00e1s alto, pero inferior a la cifra de febrero, que fue de 13,2%. Esta desaceleraci\u00f3n fue utilizada para<strong>\u00a0impulsar una nueva baja en la tasa de pol\u00edtica monetaria, luego de\u00a0la del 110% al 80% que se aplic\u00f3 a comienzos de marzo<\/strong>, que incluy\u00f3 una liberaci\u00f3n del inter\u00e9s de los plazos fijos.<\/p>\n\n\n\n<figure class=\"wp-block-image size-full is-resized\"><a href=\"https:\/\/i0.wp.com\/elterritorialweb.com.ar\/web\/wp-content\/uploads\/2024\/04\/Screenshot_20240411-2222212.png?ssl=1\"><img data-recalc-dims=\"1\" decoding=\"async\" data-src=\"https:\/\/i0.wp.com\/elterritorialweb.com.ar\/web\/wp-content\/uploads\/2024\/04\/Screenshot_20240411-2222212.png?resize=374%2C438&#038;ssl=1\" alt=\"\" class=\"wp-image-65179 lazyload\" width=\"374\" height=\"438\" data-srcset=\"https:\/\/i0.wp.com\/elterritorialweb.com.ar\/web\/wp-content\/uploads\/2024\/04\/Screenshot_20240411-2222212.png?w=647&amp;ssl=1 647w, https:\/\/i0.wp.com\/elterritorialweb.com.ar\/web\/wp-content\/uploads\/2024\/04\/Screenshot_20240411-2222212.png?resize=256%2C300&amp;ssl=1 256w\" data-sizes=\"(max-width: 374px) 100vw, 374px\" src=\"data:image\/svg+xml;base64,PHN2ZyB3aWR0aD0iMSIgaGVpZ2h0PSIxIiB4bWxucz0iaHR0cDovL3d3dy53My5vcmcvMjAwMC9zdmciPjwvc3ZnPg==\" style=\"--smush-placeholder-width: 374px; --smush-placeholder-aspect-ratio: 374\/438;\" \/><\/a><\/figure>\n\n\n\n<p>El ministro de Econom\u00eda,&nbsp;<strong>Luis Caputo<\/strong>, anticip\u00f3 recientemente que \u00abla inflaci\u00f3n de marzo va a estar en torno al 10%\u00bb, y asegur\u00f3 que se trata de una cifra \u00absignificativamente mejor de lo que todos pronosticaban\u00bb y&nbsp;<strong>proyect\u00f3 que en abril seguir\u00e1 esta tendencia, con un IPC que se ubicar\u00e1 en un d\u00edgito<\/strong>.<\/p>\n\n\n\n<h3 class=\"wp-block-heading\"><strong>Plazos fijos: c\u00f3mo quedar\u00eda la tasa<\/strong><\/h3>\n\n\n\n<p><strong>La intenci\u00f3n del Gobierno de reducir las tasas impacta en los plazos fijos<\/strong>, cuyo inter\u00e9s actualmente promedia el 70% en la mayor\u00eda de los bancos, que&nbsp;<strong>podr\u00eda descender hasta el 60% si se baja la tasa de referencia al 70%<\/strong>.<\/p>\n\n\n\n<p>Adem\u00e1s,&nbsp;<strong>esta medida beneficiar\u00eda al Gobierno al reducir los intereses que debe pagar el Banco Central por los pases y contribuir\u00eda a disminuir el d\u00e9ficit cuasifiscal<\/strong>, generado por el endeudamiento durante la gesti\u00f3n de Alberto Fern\u00e1ndez ante las constantes subidas de tasas de las Lebac en momentos de volatilidad del d\u00f3lar.<\/p>\n\n\n\n<p>Con la cotizaci\u00f3n de la moneda norteamericana estabilizada y una brecha cambiaria m\u00ednima,&nbsp;<strong>el debate en el gabinete econ\u00f3mico gira en torno a si es el momento oportuno para implementar esta medida<\/strong>.<\/p>\n\n\n\n<p>Adem\u00e1s, se busca seguir reduciendo las tasas de descubierto en cuenta corriente y descuento de cheques, dos formas comunes de financiaci\u00f3n para las pymes, con el fin de facilitar el acceso al cr\u00e9dito y estimular el crecimiento econ\u00f3mico.<\/p>\n","protected":false},"excerpt":{"rendered":"<p>El Gobierno impuls\u00f3 una nueva ca\u00edda de la tasa de pol\u00edtica monetaria, a horas de conocerse el dato de inflaci\u00f3n de marzo. Adem\u00e1s de afectar a los plazos fijos, reduce los intereses a pagar por los pases y contribuye a disminuir el d\u00e9ficit cuasifiscal.<\/p>\n","protected":false},"author":2,"featured_media":35176,"comment_status":"open","ping_status":"open","sticky":false,"template":"","format":"standard","meta":{"om_disable_all_campaigns":false,"_monsterinsights_skip_tracking":false,"_monsterinsights_sitenote_active":false,"_monsterinsights_sitenote_note":"","_monsterinsights_sitenote_category":0,"_uf_show_specific_survey":0,"_uf_disable_surveys":false,"jetpack_post_was_ever_published":false,"_jetpack_newsletter_access":"","_jetpack_dont_email_post_to_subs":false,"_jetpack_newsletter_tier_id":0,"_jetpack_memberships_contains_paywalled_content":false,"_jetpack_memberships_contains_paid_content":false,"footnotes":"","jetpack_publicize_message":"","jetpack_publicize_feature_enabled":true,"jetpack_social_post_already_shared":false,"jetpack_social_options":{"image_generator_settings":{"template":"highway","default_image_id":0,"font":"","enabled":false},"version":2}},"categories":[4,7],"tags":[542],"class_list":["post-65178","post","type-post","status-publish","format-standard","has-post-thumbnail","hentry","category-destacadas","category-nacionales","tag-banco-central-de-la-republica-argentina"],"aioseo_notices":[],"views":12,"jetpack_publicize_connections":[],"jetpack_featured_media_url":"https:\/\/i0.wp.com\/elterritorialweb.com.ar\/web\/wp-content\/uploads\/2022\/02\/BANCO-CENTRAL-DE-LA-REPUBLICA-ARGENTINA.jpg?fit=1004%2C565&ssl=1","jetpack_sharing_enabled":true,"_links":{"self":[{"href":"https:\/\/elterritorialweb.com.ar\/web\/wp-json\/wp\/v2\/posts\/65178","targetHints":{"allow":["GET"]}}],"collection":[{"href":"https:\/\/elterritorialweb.com.ar\/web\/wp-json\/wp\/v2\/posts"}],"about":[{"href":"https:\/\/elterritorialweb.com.ar\/web\/wp-json\/wp\/v2\/types\/post"}],"author":[{"embeddable":true,"href":"https:\/\/elterritorialweb.com.ar\/web\/wp-json\/wp\/v2\/users\/2"}],"replies":[{"embeddable":true,"href":"https:\/\/elterritorialweb.com.ar\/web\/wp-json\/wp\/v2\/comments?post=65178"}],"version-history":[{"count":1,"href":"https:\/\/elterritorialweb.com.ar\/web\/wp-json\/wp\/v2\/posts\/65178\/revisions"}],"predecessor-version":[{"id":65180,"href":"https:\/\/elterritorialweb.com.ar\/web\/wp-json\/wp\/v2\/posts\/65178\/revisions\/65180"}],"wp:featuredmedia":[{"embeddable":true,"href":"https:\/\/elterritorialweb.com.ar\/web\/wp-json\/wp\/v2\/media\/35176"}],"wp:attachment":[{"href":"https:\/\/elterritorialweb.com.ar\/web\/wp-json\/wp\/v2\/media?parent=65178"}],"wp:term":[{"taxonomy":"category","embeddable":true,"href":"https:\/\/elterritorialweb.com.ar\/web\/wp-json\/wp\/v2\/categories?post=65178"},{"taxonomy":"post_tag","embeddable":true,"href":"https:\/\/elterritorialweb.com.ar\/web\/wp-json\/wp\/v2\/tags?post=65178"}],"curies":[{"name":"wp","href":"https:\/\/api.w.org\/{rel}","templated":true}]}}