{"id":65420,"date":"2024-04-21T20:12:43","date_gmt":"2024-04-21T20:12:43","guid":{"rendered":"http:\/\/elterritorialweb.com.ar\/web\/?p=65420"},"modified":"2024-04-21T20:12:46","modified_gmt":"2024-04-21T20:12:46","slug":"nediani-comenzo-importante-obra-de-desague-pluvial-de-5000-metros-de-extension","status":"publish","type":"post","link":"https:\/\/elterritorialweb.com.ar\/web\/nediani-comenzo-importante-obra-de-desague-pluvial-de-5000-metros-de-extension\/","title":{"rendered":"NEDIANI COMENZ\u00d3 IMPORTANTE OBRA DE DESAG\u00dcE PLUVIAL DE 5000 METROS DE EXTENSI\u00d3N"},"content":{"rendered":"\n<p>Esta obra consiste en un desag\u00fce pluvial de aproximadamente 5.000 metros de longitud hidr\u00e1ulica es fundamental para resolver los problemas de inundaci\u00f3n que afectan a una gran parte de la ciudad de La Banda, particularmente en la zona sudeste. Se espera que el desag\u00fce pluvial alivie las inundaciones en el microcentro y los barrios cercanos a la v\u00eda del ferrocarril en este sector de la ciudad.<br>La obra forma parte de los compromisos de la gesti\u00f3n municipal, que se comprometi\u00f3 durante la campa\u00f1a pol\u00edtica a trabajar en proyectos de infraestructura para mejorar la calidad de vida de los ciudadanos. Es una respuesta a una necesidad a largo plazo y una planificaci\u00f3n para el crecimiento futuro de la ciudad.<br>El intendente expres\u00f3 su gratitud al Secretario de Obras P\u00fablicas, as\u00ed como a todas las autoridades y empleados involucrados en el proyecto. Destac\u00f3 el trabajo previo de planificaci\u00f3n y dise\u00f1o realizado por los t\u00e9cnicos de la Secretar\u00eda de Obras P\u00fablicas, que culminaron en el inicio de esta importante obra.<br>El intendente reiter\u00f3 el compromiso de la gesti\u00f3n municipal de seguir trabajando para brindar soluciones definitivas a los problemas de inundaci\u00f3n en diversos sectores de la ciudad.<\/p>\n","protected":false},"excerpt":{"rendered":"<p>El Intendente de la ciudad de La Banda, Ing. Roger El\u00edas Nediani visit\u00f3 el inicio de una obra hidr\u00e1ulica crucial para la ciudad, que abarcar\u00e1 desde la intersecci\u00f3n de las calles Rebotaro y Monteagudo hasta una extensi\u00f3n de dos kil\u00f3metros a lo largo de la Ruta 51.<\/p>\n","protected":false},"author":2,"featured_media":65421,"comment_status":"open","ping_status":"open","sticky":false,"template":"","format":"standard","meta":{"om_disable_all_campaigns":false,"_monsterinsights_skip_tracking":false,"_monsterinsights_sitenote_active":false,"_monsterinsights_sitenote_note":"","_monsterinsights_sitenote_category":0,"_uf_show_specific_survey":0,"_uf_disable_surveys":false,"jetpack_post_was_ever_published":false,"_jetpack_newsletter_access":"","_jetpack_dont_email_post_to_subs":false,"_jetpack_newsletter_tier_id":0,"_jetpack_memberships_contains_paywalled_content":false,"_jetpack_memberships_contains_paid_content":false,"footnotes":"","jetpack_publicize_message":"","jetpack_publicize_feature_enabled":true,"jetpack_social_post_already_shared":false,"jetpack_social_options":{"image_generator_settings":{"template":"highway","default_image_id":0,"font":"","enabled":false},"version":2}},"categories":[9],"tags":[71,51],"class_list":["post-65420","post","type-post","status-publish","format-standard","has-post-thumbnail","hentry","category-banda","tag-municipalidad-de-la-banda","tag-roger-nediani"],"aioseo_notices":[],"views":13,"jetpack_publicize_connections":[],"jetpack_featured_media_url":"https:\/\/i0.wp.com\/elterritorialweb.com.ar\/web\/wp-content\/uploads\/2024\/04\/NEDIANI-CLOACAS.jpeg?fit=1225%2C948&ssl=1","jetpack_sharing_enabled":true,"_links":{"self":[{"href":"https:\/\/elterritorialweb.com.ar\/web\/wp-json\/wp\/v2\/posts\/65420","targetHints":{"allow":["GET"]}}],"collection":[{"href":"https:\/\/elterritorialweb.com.ar\/web\/wp-json\/wp\/v2\/posts"}],"about":[{"href":"https:\/\/elterritorialweb.com.ar\/web\/wp-json\/wp\/v2\/types\/post"}],"author":[{"embeddable":true,"href":"https:\/\/elterritorialweb.com.ar\/web\/wp-json\/wp\/v2\/users\/2"}],"replies":[{"embeddable":true,"href":"https:\/\/elterritorialweb.com.ar\/web\/wp-json\/wp\/v2\/comments?post=65420"}],"version-history":[{"count":1,"href":"https:\/\/elterritorialweb.com.ar\/web\/wp-json\/wp\/v2\/posts\/65420\/revisions"}],"predecessor-version":[{"id":65422,"href":"https:\/\/elterritorialweb.com.ar\/web\/wp-json\/wp\/v2\/posts\/65420\/revisions\/65422"}],"wp:featuredmedia":[{"embeddable":true,"href":"https:\/\/elterritorialweb.com.ar\/web\/wp-json\/wp\/v2\/media\/65421"}],"wp:attachment":[{"href":"https:\/\/elterritorialweb.com.ar\/web\/wp-json\/wp\/v2\/media?parent=65420"}],"wp:term":[{"taxonomy":"category","embeddable":true,"href":"https:\/\/elterritorialweb.com.ar\/web\/wp-json\/wp\/v2\/categories?post=65420"},{"taxonomy":"post_tag","embeddable":true,"href":"https:\/\/elterritorialweb.com.ar\/web\/wp-json\/wp\/v2\/tags?post=65420"}],"curies":[{"name":"wp","href":"https:\/\/api.w.org\/{rel}","templated":true}]}}