{"id":65439,"date":"2024-04-22T15:05:46","date_gmt":"2024-04-22T15:05:46","guid":{"rendered":"http:\/\/elterritorialweb.com.ar\/web\/?p=65439"},"modified":"2024-04-22T15:05:49","modified_gmt":"2024-04-22T15:05:49","slug":"con-la-propuesta-todos-con-un-libro-en-alto-se-realizara-la-marcha-universitaria-del-23-de-abril","status":"publish","type":"post","link":"https:\/\/elterritorialweb.com.ar\/web\/con-la-propuesta-todos-con-un-libro-en-alto-se-realizara-la-marcha-universitaria-del-23-de-abril\/","title":{"rendered":"CON LA PROPUESTA \u00abTODOS CON UN LIBRO EN ALTO\u00bb SE REALIZAR\u00c1 LA MARCHA UNIVERSITARIA DEL 23 DE ABRIL"},"content":{"rendered":"\n<p>En la previa de la Marcha Federal Universitaria convocada para este martes, desde distintos sectores\u00a0<strong>se invit\u00f3 a los participantes a llevar un libro y levantarlo en alto al finalizar la movilizaci\u00f3n<\/strong>\u00a0como s\u00edmbolo de defensa de la educaci\u00f3n p\u00fablica y en rechazo al desfinanciamiento impulsado por el gobierno de Javier Milei.<\/p>\n\n\n\n<p>La iniciativa comenz\u00f3 a circular en las \u00faltimas horas a trav\u00e9s de redes sociales como WhatsApp, Instagram y X (ex Twitter), y r\u00e1pidamente sum\u00f3 las adhesiones de estudiantes, docentes, escritores y organizaciones sociales de todo el pa\u00eds que replicaron la convocatoria.<\/p>\n\n\n\n<p>\u00abMe gusta la propuesta de llevar un libro a la marcha del 23 por las universidades p\u00fablicas. Y alzar todos juntos ese libro como s\u00edmbolo de aquello que estamos reclamando.&nbsp;<strong>Cientos de miles de brazos, libro alzado, en las calles, por la Universidad P\u00fablica\u00bb,<\/strong>&nbsp;expres\u00f3 la escritora Claudia Pi\u00f1eiro en X.<\/p>\n\n\n\n<p>Otros usuarios destacaron que este martes se celebra justamente el D\u00eda Internacional del Libro y que la imagen de la acci\u00f3n masiva ser\u00e1 \u00abmuy potente\u00bb, por lo que funcionar\u00e1 como \u00abun alegato impactante a favor de la educaci\u00f3n, la cultura y las universidades en general\u00bb.<\/p>\n\n\n\n<figure class=\"wp-block-image size-large is-resized\"><a href=\"https:\/\/i0.wp.com\/elterritorialweb.com.ar\/web\/wp-content\/uploads\/2024\/04\/image-7.png\"><img data-recalc-dims=\"1\" decoding=\"async\" data-src=\"https:\/\/i0.wp.com\/elterritorialweb.com.ar\/web\/wp-content\/uploads\/2024\/04\/image-7.png?resize=640%2C835\" alt=\"\" class=\"wp-image-65440 lazyload\" width=\"640\" height=\"835\" data-srcset=\"https:\/\/i0.wp.com\/elterritorialweb.com.ar\/web\/wp-content\/uploads\/2024\/04\/image-7.png?resize=785%2C1024&amp;ssl=1 785w, https:\/\/i0.wp.com\/elterritorialweb.com.ar\/web\/wp-content\/uploads\/2024\/04\/image-7.png?resize=230%2C300&amp;ssl=1 230w, https:\/\/i0.wp.com\/elterritorialweb.com.ar\/web\/wp-content\/uploads\/2024\/04\/image-7.png?resize=768%2C1001&amp;ssl=1 768w, https:\/\/i0.wp.com\/elterritorialweb.com.ar\/web\/wp-content\/uploads\/2024\/04\/image-7.png?w=790&amp;ssl=1 790w\" data-sizes=\"(max-width: 640px) 100vw, 640px\" src=\"data:image\/svg+xml;base64,PHN2ZyB3aWR0aD0iMSIgaGVpZ2h0PSIxIiB4bWxucz0iaHR0cDovL3d3dy53My5vcmcvMjAwMC9zdmciPjwvc3ZnPg==\" style=\"--smush-placeholder-width: 640px; --smush-placeholder-aspect-ratio: 640\/835;\" \/><\/a><\/figure>\n\n\n\n<p>Varias personas ya adelantaron qu\u00e9 libros llevar\u00e1n a la movilizaci\u00f3n, incluidos&nbsp;<em>La noche de los bastones largos<\/em>&nbsp;de Sergio Morero,&nbsp;<em>El costo social del ajuste<\/em>&nbsp;de Susana Torrado,&nbsp;<em>Cient\u00edficas<\/em>&nbsp;de Valeria Edelsztein y&nbsp;<em>La multitud en la historia<\/em>&nbsp;de George Rud\u00e9, entre otros con un fuerte contenido pol\u00edtico y social.<\/p>\n\n\n\n<p><\/p>\n","protected":false},"excerpt":{"rendered":"<p>Desde distintos sectores ligados a la universidad p\u00fablica llamaron a movilizar de esta manera como forma de protesta contra el ajuste de Javier Milei. A la iniciativa la acompa\u00f1an estudiantes, docentes, escritores y organizaciones sociales.<\/p>\n","protected":false},"author":2,"featured_media":65441,"comment_status":"open","ping_status":"open","sticky":false,"template":"","format":"standard","meta":{"om_disable_all_campaigns":false,"_monsterinsights_skip_tracking":false,"_monsterinsights_sitenote_active":false,"_monsterinsights_sitenote_note":"","_monsterinsights_sitenote_category":0,"_uf_show_specific_survey":0,"_uf_disable_surveys":false,"jetpack_post_was_ever_published":false,"_jetpack_newsletter_access":"","_jetpack_dont_email_post_to_subs":false,"_jetpack_newsletter_tier_id":0,"_jetpack_memberships_contains_paywalled_content":false,"_jetpack_memberships_contains_paid_content":false,"footnotes":"","jetpack_publicize_message":"","jetpack_publicize_feature_enabled":true,"jetpack_social_post_already_shared":false,"jetpack_social_options":{"image_generator_settings":{"template":"highway","default_image_id":0,"font":"","enabled":false},"version":2}},"categories":[4,7],"tags":[],"class_list":["post-65439","post","type-post","status-publish","format-standard","has-post-thumbnail","hentry","category-destacadas","category-nacionales"],"aioseo_notices":[],"views":24,"jetpack_publicize_connections":[],"jetpack_featured_media_url":"https:\/\/i0.wp.com\/elterritorialweb.com.ar\/web\/wp-content\/uploads\/2024\/04\/MARCHA-UNIVERSIDAD.png?fit=1024%2C575&ssl=1","jetpack_sharing_enabled":true,"_links":{"self":[{"href":"https:\/\/elterritorialweb.com.ar\/web\/wp-json\/wp\/v2\/posts\/65439","targetHints":{"allow":["GET"]}}],"collection":[{"href":"https:\/\/elterritorialweb.com.ar\/web\/wp-json\/wp\/v2\/posts"}],"about":[{"href":"https:\/\/elterritorialweb.com.ar\/web\/wp-json\/wp\/v2\/types\/post"}],"author":[{"embeddable":true,"href":"https:\/\/elterritorialweb.com.ar\/web\/wp-json\/wp\/v2\/users\/2"}],"replies":[{"embeddable":true,"href":"https:\/\/elterritorialweb.com.ar\/web\/wp-json\/wp\/v2\/comments?post=65439"}],"version-history":[{"count":1,"href":"https:\/\/elterritorialweb.com.ar\/web\/wp-json\/wp\/v2\/posts\/65439\/revisions"}],"predecessor-version":[{"id":65442,"href":"https:\/\/elterritorialweb.com.ar\/web\/wp-json\/wp\/v2\/posts\/65439\/revisions\/65442"}],"wp:featuredmedia":[{"embeddable":true,"href":"https:\/\/elterritorialweb.com.ar\/web\/wp-json\/wp\/v2\/media\/65441"}],"wp:attachment":[{"href":"https:\/\/elterritorialweb.com.ar\/web\/wp-json\/wp\/v2\/media?parent=65439"}],"wp:term":[{"taxonomy":"category","embeddable":true,"href":"https:\/\/elterritorialweb.com.ar\/web\/wp-json\/wp\/v2\/categories?post=65439"},{"taxonomy":"post_tag","embeddable":true,"href":"https:\/\/elterritorialweb.com.ar\/web\/wp-json\/wp\/v2\/tags?post=65439"}],"curies":[{"name":"wp","href":"https:\/\/api.w.org\/{rel}","templated":true}]}}