{"id":65446,"date":"2024-04-22T17:30:02","date_gmt":"2024-04-22T17:30:02","guid":{"rendered":"https:\/\/elterritorialweb.com.ar\/web\/?p=65446"},"modified":"2024-04-22T18:20:56","modified_gmt":"2024-04-22T18:20:56","slug":"el-gobierno-cuestiono-la-marcha-universitaria-esta-incentivada-por-la-politica","status":"publish","type":"post","link":"https:\/\/elterritorialweb.com.ar\/web\/el-gobierno-cuestiono-la-marcha-universitaria-esta-incentivada-por-la-politica\/","title":{"rendered":"EL GOBIERNO CUESTION\u00d3 LA MARCHA UNIVERSITARIA: \u00abESTA INCENTIVADA POR LA POL\u00cdTICA\u00bb"},"content":{"rendered":"\n<p>El Gobierno volvi\u00f3 a cuestionar&nbsp;la marcha y paro nacional de docentes, no docentes, autoridades, investigadores y estudiantes universitarios&nbsp;convocada para el martes 23 de abril.&nbsp;<strong>\u00abEst\u00e1 incentivada por la pol\u00edtica\u00bb<\/strong>, asegur\u00f3 el vocero presidencial, Manuel Adorni, y sostuvo que&nbsp;<strong>\u00abel reclamo de los alumnos es genuino, lo que no consideramos genuino es que desde un escritorio incentiven a este tipo de cuestiones\u00bb<\/strong>.<\/p>\n\n\n\n<p>La movilizaci\u00f3n fue convocada de manera conjunta por el<strong>&nbsp;Frente Sindical de Universidades Nacionales<\/strong>, que nuclea a los gremios docentes y no docentes Conadu, Conadu Hist\u00f3rica, Fedun, Fagdut, UDA, Ctera y Fatun; la&nbsp;<strong>Federaci\u00f3n Universitaria Argentina (FUA)<\/strong>, que representa a m\u00e1s de dos millones de estudiantes en el pa\u00eds; y el&nbsp;<strong>Consejo Interuniversitario Nacional (CIN),<\/strong>&nbsp;organismo no estatal que congrega a las autoridades de 57 universidades nacionales y 14 provinciales, entre otras instituciones.<\/p>\n\n\n\n<p><a href=\"https:\/\/www.c5n.com\/politica\/diputados-convoco-una-sesion-especial-tratar-jubilaciones-presupuesto-universitario-y-el-fonid-n155234\"><\/a><strong>El reclamo es en contra del desfinanciamiento que lleva adelante el Gobierno a cargo de Javier Milei<\/strong>, que mantiene el presupuesto de 2023 en medio de una inflaci\u00f3n interanual de m\u00e1s de 200%.<\/p>\n\n\n\n<p>\u00abEl jueves hubo di\u00e1logo y un acuerdo.&nbsp;<strong>El Gobierno aument\u00f3 el 70% las partidas de gasto en marzo, habr\u00e1 otro 70% en mayo y se dispuso una partida extraordinaria para hospitales universitarios<\/strong>\u00ab, expres\u00f3 Adorni en su habitual conferencia de prensa. Sin embargo,&nbsp;<strong>desde las universidades negaron que existiera esa asignaci\u00f3n de fondos<\/strong>.<\/p>\n","protected":false},"excerpt":{"rendered":"<p>El vocero presidencial, Manuel Adorni, remarc\u00f3 que \u00abel reclamo de los alumnos es genuino, lo que no consideramos genuino es que desde un escritorio incentiven a este tipo de cuestiones\u00bb.<\/p>\n","protected":false},"author":2,"featured_media":65447,"comment_status":"open","ping_status":"open","sticky":false,"template":"","format":"standard","meta":{"om_disable_all_campaigns":false,"_monsterinsights_skip_tracking":false,"_monsterinsights_sitenote_active":false,"_monsterinsights_sitenote_note":"","_monsterinsights_sitenote_category":0,"_uf_show_specific_survey":0,"_uf_disable_surveys":false,"jetpack_post_was_ever_published":false,"_jetpack_newsletter_access":"","_jetpack_dont_email_post_to_subs":false,"_jetpack_newsletter_tier_id":0,"_jetpack_memberships_contains_paywalled_content":false,"_jetpack_memberships_contains_paid_content":false,"footnotes":"","jetpack_publicize_message":"","jetpack_publicize_feature_enabled":true,"jetpack_social_post_already_shared":false,"jetpack_social_options":{"image_generator_settings":{"template":"highway","default_image_id":0,"font":"","enabled":false},"version":2}},"categories":[4,7],"tags":[92,687,830],"class_list":["post-65446","post","type-post","status-publish","format-standard","has-post-thumbnail","hentry","category-destacadas","category-nacionales","tag-javier-milei","tag-la-libertad-avanza","tag-manuel-adorni"],"aioseo_notices":[],"views":14,"jetpack_publicize_connections":[],"jetpack_featured_media_url":"https:\/\/i0.wp.com\/elterritorialweb.com.ar\/web\/wp-content\/uploads\/2024\/04\/adornimanuel2024-13.jpg?fit=1500%2C1063&ssl=1","jetpack_sharing_enabled":true,"_links":{"self":[{"href":"https:\/\/elterritorialweb.com.ar\/web\/wp-json\/wp\/v2\/posts\/65446","targetHints":{"allow":["GET"]}}],"collection":[{"href":"https:\/\/elterritorialweb.com.ar\/web\/wp-json\/wp\/v2\/posts"}],"about":[{"href":"https:\/\/elterritorialweb.com.ar\/web\/wp-json\/wp\/v2\/types\/post"}],"author":[{"embeddable":true,"href":"https:\/\/elterritorialweb.com.ar\/web\/wp-json\/wp\/v2\/users\/2"}],"replies":[{"embeddable":true,"href":"https:\/\/elterritorialweb.com.ar\/web\/wp-json\/wp\/v2\/comments?post=65446"}],"version-history":[{"count":1,"href":"https:\/\/elterritorialweb.com.ar\/web\/wp-json\/wp\/v2\/posts\/65446\/revisions"}],"predecessor-version":[{"id":65448,"href":"https:\/\/elterritorialweb.com.ar\/web\/wp-json\/wp\/v2\/posts\/65446\/revisions\/65448"}],"wp:featuredmedia":[{"embeddable":true,"href":"https:\/\/elterritorialweb.com.ar\/web\/wp-json\/wp\/v2\/media\/65447"}],"wp:attachment":[{"href":"https:\/\/elterritorialweb.com.ar\/web\/wp-json\/wp\/v2\/media?parent=65446"}],"wp:term":[{"taxonomy":"category","embeddable":true,"href":"https:\/\/elterritorialweb.com.ar\/web\/wp-json\/wp\/v2\/categories?post=65446"},{"taxonomy":"post_tag","embeddable":true,"href":"https:\/\/elterritorialweb.com.ar\/web\/wp-json\/wp\/v2\/tags?post=65446"}],"curies":[{"name":"wp","href":"https:\/\/api.w.org\/{rel}","templated":true}]}}