{"id":65449,"date":"2024-04-22T21:23:40","date_gmt":"2024-04-22T21:23:40","guid":{"rendered":"https:\/\/elterritorialweb.com.ar\/web\/?p=65449"},"modified":"2024-04-22T21:23:43","modified_gmt":"2024-04-22T21:23:43","slug":"invitan-a-la-2-edicion-de-la-feria-municipal-del-libro-infantil-con-fines-solidario","status":"publish","type":"post","link":"https:\/\/elterritorialweb.com.ar\/web\/invitan-a-la-2-edicion-de-la-feria-municipal-del-libro-infantil-con-fines-solidario\/","title":{"rendered":"INVITAN A LA 2\u00b0 EDICI\u00d3N DE LA FERIA MUNICIPAL DEL LIBRO INFANTIL CON FINES SOLIDARIO"},"content":{"rendered":"\n<p>El evento se llevar\u00e1 a cabo en tres lugares diferentes: SUM del Gimnasio Municipal, Casa del Bicentenario y Atelier Cultural, el d\u00eda martes 23 de abril, de 8.00 a 13.00 y de 14.00 a 18.00 horas, donde habr\u00e1 stands de libros y juegos, exposici\u00f3n de arte y shows art\u00edsticos.<br>Cabe destacar que se permitir\u00e1 el acceso libre al p\u00fablico de 12:00 a 13:00 y de 16:00 a 18:00 horas, ya que los horarios mencionados anteriormente son exclusivos para todas las instituciones educativas. Se solicita a los asistentes colaborar con un alimento no perecedero.<br>Durante el evento, habr\u00e1 stands de libros y juegos, exposici\u00f3n de arte y shows art\u00edsticos. Se realizar\u00e1 una obra de teatro titulada \u00abTanicu\u00bb a las 10:30hs. en la Casa del Bicentenario, y un show sorpresa de cierre a las 16.30hs. en el SUM del Gimnasio Municipal.<br>La subsecretaria de Educaci\u00f3n y Cultura, Alejandra Farias agradeci\u00f3 al Intendente Roger Nediani por facilitar el espacio para el evento, resaltando la importancia de promover la lectura, la comprensi\u00f3n a trav\u00e9s de los juegos y el compa\u00f1erismo entre los jardines de infantes municipales.<br>Por su parte el director de Ni\u00f1ez, Adolescencia y Familia, Ezequiel Roldan explic\u00f3 que el evento se ha expandido a tres lugares este a\u00f1o y destac\u00f3 el compromiso del Intendente con la educaci\u00f3n, a pesar de la crisis actual.<br>En la gesti\u00f3n del intendente Roger Nediani, a trav\u00e9s de la Feria Municipal del Libro Infantil representa una importante apuesta a la educaci\u00f3n y el desarrollo cultural de La Banda, promoviendo el acceso a la lectura y el arte en la comunidad.<\/p>\n","protected":false},"excerpt":{"rendered":"<p>La Municipalidad de La Banda, por intermedio del Intendente, Ing. Roger El\u00edas Nediani, invita a la comunidad a participar de la 2\u00b0 Edici\u00f3n de la Feria Municipal Del Libro Infantil, con fines solidarios.<\/p>\n","protected":false},"author":2,"featured_media":65450,"comment_status":"open","ping_status":"open","sticky":false,"template":"","format":"standard","meta":{"om_disable_all_campaigns":false,"_monsterinsights_skip_tracking":false,"_monsterinsights_sitenote_active":false,"_monsterinsights_sitenote_note":"","_monsterinsights_sitenote_category":0,"_uf_show_specific_survey":0,"_uf_disable_surveys":false,"jetpack_post_was_ever_published":false,"_jetpack_newsletter_access":"","_jetpack_dont_email_post_to_subs":false,"_jetpack_newsletter_tier_id":0,"_jetpack_memberships_contains_paywalled_content":false,"_jetpack_memberships_contains_paid_content":false,"footnotes":"","jetpack_publicize_message":"","jetpack_publicize_feature_enabled":true,"jetpack_social_post_already_shared":false,"jetpack_social_options":{"image_generator_settings":{"template":"highway","default_image_id":0,"font":"","enabled":false},"version":2}},"categories":[9],"tags":[71,51],"class_list":["post-65449","post","type-post","status-publish","format-standard","has-post-thumbnail","hentry","category-banda","tag-municipalidad-de-la-banda","tag-roger-nediani"],"aioseo_notices":[],"views":11,"jetpack_publicize_connections":[],"jetpack_featured_media_url":"https:\/\/i0.wp.com\/elterritorialweb.com.ar\/web\/wp-content\/uploads\/2024\/04\/H2BOF6MVOHYMNR6WYRDNNOJUXI.jpg?fit=414%2C311&ssl=1","jetpack_sharing_enabled":true,"_links":{"self":[{"href":"https:\/\/elterritorialweb.com.ar\/web\/wp-json\/wp\/v2\/posts\/65449","targetHints":{"allow":["GET"]}}],"collection":[{"href":"https:\/\/elterritorialweb.com.ar\/web\/wp-json\/wp\/v2\/posts"}],"about":[{"href":"https:\/\/elterritorialweb.com.ar\/web\/wp-json\/wp\/v2\/types\/post"}],"author":[{"embeddable":true,"href":"https:\/\/elterritorialweb.com.ar\/web\/wp-json\/wp\/v2\/users\/2"}],"replies":[{"embeddable":true,"href":"https:\/\/elterritorialweb.com.ar\/web\/wp-json\/wp\/v2\/comments?post=65449"}],"version-history":[{"count":1,"href":"https:\/\/elterritorialweb.com.ar\/web\/wp-json\/wp\/v2\/posts\/65449\/revisions"}],"predecessor-version":[{"id":65451,"href":"https:\/\/elterritorialweb.com.ar\/web\/wp-json\/wp\/v2\/posts\/65449\/revisions\/65451"}],"wp:featuredmedia":[{"embeddable":true,"href":"https:\/\/elterritorialweb.com.ar\/web\/wp-json\/wp\/v2\/media\/65450"}],"wp:attachment":[{"href":"https:\/\/elterritorialweb.com.ar\/web\/wp-json\/wp\/v2\/media?parent=65449"}],"wp:term":[{"taxonomy":"category","embeddable":true,"href":"https:\/\/elterritorialweb.com.ar\/web\/wp-json\/wp\/v2\/categories?post=65449"},{"taxonomy":"post_tag","embeddable":true,"href":"https:\/\/elterritorialweb.com.ar\/web\/wp-json\/wp\/v2\/tags?post=65449"}],"curies":[{"name":"wp","href":"https:\/\/api.w.org\/{rel}","templated":true}]}}