{"id":65453,"date":"2024-04-22T21:49:24","date_gmt":"2024-04-22T21:49:24","guid":{"rendered":"https:\/\/elterritorialweb.com.ar\/web\/?p=65453"},"modified":"2024-04-22T21:49:28","modified_gmt":"2024-04-22T21:49:28","slug":"el-gobernador-en-la-presentacion-del-diagnostico-de-la-situacion-socio-ocupacional-de-santiago","status":"publish","type":"post","link":"https:\/\/elterritorialweb.com.ar\/web\/el-gobernador-en-la-presentacion-del-diagnostico-de-la-situacion-socio-ocupacional-de-santiago\/","title":{"rendered":"EL GOBERNADOR EN LA PRESENTACI\u00d3N DEL DIAGN\u00d3STICO DE LA SITUACI\u00d3N SOCIO-OCUPACIONAL DE SANTIAGO"},"content":{"rendered":"\n<p>El evento se desarroll\u00f3 este mediod\u00eda en el Centro de Convenciones F\u00f3rum, donde tambi\u00e9n por intermedio del Gabinete de Pol\u00edticas Sociales e Innovaci\u00f3n de la provincia, el mandatario firm\u00f3 un convenio con el observatorio que preside Salvia, perteneciente a la Universidad Cat\u00f3lica Argentina, con el fin de realizar el diagn\u00f3stico de la situaci\u00f3n socio-ocupacional durante el per\u00edodo 2023-2024, como tambi\u00e9n la evaluaci\u00f3n de las pol\u00edticas para el desarrollo e inclusi\u00f3n en empleo, innovaci\u00f3n cultural, social, deportiva y tur\u00edstica. <\/p>\n\n\n\n<p>As\u00ed como en el campo de la producci\u00f3n energ\u00e9tica, hidr\u00e1ulica y agroalimentaria.<br>Tambi\u00e9n estuvieron en esta presentaci\u00f3n ministros del Gobierno de la provincia, legisladores nacionales y provinciales, miembros del Poder Judicial, autoridades acad\u00e9micas, la intendente de la Capital, Norma Fuentes, empresarios, comerciantes y representantes de distintos sectores de la sociedad santiague\u00f1a.<\/p>\n\n\n\n<figure class=\"wp-block-image size-large\"><a href=\"https:\/\/i0.wp.com\/elterritorialweb.com.ar\/web\/wp-content\/uploads\/2024\/04\/IMG-20240422-WA0036.jpg\"><img data-recalc-dims=\"1\" decoding=\"async\" width=\"640\" height=\"426\" data-src=\"https:\/\/i0.wp.com\/elterritorialweb.com.ar\/web\/wp-content\/uploads\/2024\/04\/IMG-20240422-WA0036.jpg?resize=640%2C426\" alt=\"\" class=\"wp-image-65455 lazyload\" data-srcset=\"https:\/\/i0.wp.com\/elterritorialweb.com.ar\/web\/wp-content\/uploads\/2024\/04\/IMG-20240422-WA0036.jpg?resize=1024%2C682&amp;ssl=1 1024w, https:\/\/i0.wp.com\/elterritorialweb.com.ar\/web\/wp-content\/uploads\/2024\/04\/IMG-20240422-WA0036.jpg?resize=300%2C200&amp;ssl=1 300w, https:\/\/i0.wp.com\/elterritorialweb.com.ar\/web\/wp-content\/uploads\/2024\/04\/IMG-20240422-WA0036.jpg?resize=768%2C512&amp;ssl=1 768w, https:\/\/i0.wp.com\/elterritorialweb.com.ar\/web\/wp-content\/uploads\/2024\/04\/IMG-20240422-WA0036.jpg?resize=1536%2C1024&amp;ssl=1 1536w, https:\/\/i0.wp.com\/elterritorialweb.com.ar\/web\/wp-content\/uploads\/2024\/04\/IMG-20240422-WA0036.jpg?resize=2048%2C1365&amp;ssl=1 2048w, https:\/\/i0.wp.com\/elterritorialweb.com.ar\/web\/wp-content\/uploads\/2024\/04\/IMG-20240422-WA0036.jpg?w=1280 1280w, https:\/\/i0.wp.com\/elterritorialweb.com.ar\/web\/wp-content\/uploads\/2024\/04\/IMG-20240422-WA0036.jpg?w=1920 1920w\" data-sizes=\"(max-width: 640px) 100vw, 640px\" src=\"data:image\/svg+xml;base64,PHN2ZyB3aWR0aD0iMSIgaGVpZ2h0PSIxIiB4bWxucz0iaHR0cDovL3d3dy53My5vcmcvMjAwMC9zdmciPjwvc3ZnPg==\" style=\"--smush-placeholder-width: 640px; --smush-placeholder-aspect-ratio: 640\/426;\" \/><\/a><\/figure>\n\n\n\n<p>La apertura del acto estuvo a cargo del jefe de Gabinete, quien destac\u00f3 la importancia del trabajo de diagn\u00f3stico de la situaci\u00f3n socio ocupacional en la provincia y las propuestas para el desarrollo sustentable. Tambi\u00e9n agradeci\u00f3 a las instituciones y organizaciones que participaron, tales como la Unse, la Ucse, la Uni\u00f3n Industrial de Santiago del Estero, los colegios profesionales, las organizaciones gremiales y los t\u00e9cnicos y trabajadores que permanentemente se esfuerzan para desarrollar pol\u00edticas p\u00fablicas en favor de la gente.<\/p>\n\n\n\n<p>En su mensaje, expres\u00f3: \u201cCon el liderazgo y conducci\u00f3n del gobernador Gerardo Zamora vamos a seguir trabajando, aprovechando los resultados de este estudio y sus conclusiones, las cuales abren una ventana de oportunidades para mejorar la gesti\u00f3n, optimizar las decisiones de manera participativa con el acompa\u00f1amiento de todas las instituciones\u201d.<\/p>\n\n\n\n<figure class=\"wp-block-image size-large\"><a href=\"https:\/\/i0.wp.com\/elterritorialweb.com.ar\/web\/wp-content\/uploads\/2024\/04\/IMG-20240422-WA0039.jpg\"><img data-recalc-dims=\"1\" decoding=\"async\" width=\"640\" height=\"426\" data-src=\"https:\/\/i0.wp.com\/elterritorialweb.com.ar\/web\/wp-content\/uploads\/2024\/04\/IMG-20240422-WA0039.jpg?resize=640%2C426\" alt=\"\" class=\"wp-image-65457 lazyload\" data-srcset=\"https:\/\/i0.wp.com\/elterritorialweb.com.ar\/web\/wp-content\/uploads\/2024\/04\/IMG-20240422-WA0039.jpg?resize=1024%2C682&amp;ssl=1 1024w, https:\/\/i0.wp.com\/elterritorialweb.com.ar\/web\/wp-content\/uploads\/2024\/04\/IMG-20240422-WA0039.jpg?resize=300%2C200&amp;ssl=1 300w, https:\/\/i0.wp.com\/elterritorialweb.com.ar\/web\/wp-content\/uploads\/2024\/04\/IMG-20240422-WA0039.jpg?resize=768%2C512&amp;ssl=1 768w, https:\/\/i0.wp.com\/elterritorialweb.com.ar\/web\/wp-content\/uploads\/2024\/04\/IMG-20240422-WA0039.jpg?resize=1536%2C1024&amp;ssl=1 1536w, https:\/\/i0.wp.com\/elterritorialweb.com.ar\/web\/wp-content\/uploads\/2024\/04\/IMG-20240422-WA0039.jpg?resize=2048%2C1365&amp;ssl=1 2048w, https:\/\/i0.wp.com\/elterritorialweb.com.ar\/web\/wp-content\/uploads\/2024\/04\/IMG-20240422-WA0039.jpg?w=1280 1280w, https:\/\/i0.wp.com\/elterritorialweb.com.ar\/web\/wp-content\/uploads\/2024\/04\/IMG-20240422-WA0039.jpg?w=1920 1920w\" data-sizes=\"(max-width: 640px) 100vw, 640px\" src=\"data:image\/svg+xml;base64,PHN2ZyB3aWR0aD0iMSIgaGVpZ2h0PSIxIiB4bWxucz0iaHR0cDovL3d3dy53My5vcmcvMjAwMC9zdmciPjwvc3ZnPg==\" style=\"--smush-placeholder-width: 640px; --smush-placeholder-aspect-ratio: 640\/426;\" \/><\/a><\/figure>\n\n\n\n<p>A su turno, el gobernador resalt\u00f3 la presencia del Dr. Salvia para aportar datos fundamentales para la planificaci\u00f3n estrat\u00e9gica de los pasos a dar para un mejor futuro para los santiague\u00f1os. Tambi\u00e9n hizo hincapi\u00e9 en el convenio firmado para per\u00edodo 2023-2024 \u201cporque han ocurrido cosas en el medio que est\u00e1n generando una gran preocupaci\u00f3n\u201d.<\/p>\n\n\n\n<p>Expres\u00f3: \u201cEs muy importante tener los datos objetivos y estad\u00edsticos, ya que nos obliga a trav\u00e9s del Gabinete de Pol\u00edticas Sociales a tener un trabajo m\u00e1s fuerte con los sectores y actores fundamentales de nuestra sociedad civil, para palear situaciones que se puedan producir, o que mejor dicho se est\u00e1n produciendo en materia de desempleo\u201d.<\/p>\n\n\n\n<figure class=\"wp-block-image size-large is-resized\"><a href=\"https:\/\/i0.wp.com\/elterritorialweb.com.ar\/web\/wp-content\/uploads\/2024\/04\/IMG-20240422-WA0041.jpg\"><img data-recalc-dims=\"1\" decoding=\"async\" data-src=\"https:\/\/i0.wp.com\/elterritorialweb.com.ar\/web\/wp-content\/uploads\/2024\/04\/IMG-20240422-WA0041.jpg?resize=396%2C263\" alt=\"\" class=\"wp-image-65456 lazyload\" width=\"396\" height=\"263\" data-srcset=\"https:\/\/i0.wp.com\/elterritorialweb.com.ar\/web\/wp-content\/uploads\/2024\/04\/IMG-20240422-WA0041.jpg?resize=1024%2C682&amp;ssl=1 1024w, https:\/\/i0.wp.com\/elterritorialweb.com.ar\/web\/wp-content\/uploads\/2024\/04\/IMG-20240422-WA0041.jpg?resize=300%2C200&amp;ssl=1 300w, https:\/\/i0.wp.com\/elterritorialweb.com.ar\/web\/wp-content\/uploads\/2024\/04\/IMG-20240422-WA0041.jpg?resize=768%2C512&amp;ssl=1 768w, https:\/\/i0.wp.com\/elterritorialweb.com.ar\/web\/wp-content\/uploads\/2024\/04\/IMG-20240422-WA0041.jpg?resize=1536%2C1024&amp;ssl=1 1536w, https:\/\/i0.wp.com\/elterritorialweb.com.ar\/web\/wp-content\/uploads\/2024\/04\/IMG-20240422-WA0041.jpg?resize=2048%2C1365&amp;ssl=1 2048w, https:\/\/i0.wp.com\/elterritorialweb.com.ar\/web\/wp-content\/uploads\/2024\/04\/IMG-20240422-WA0041.jpg?w=1280 1280w, https:\/\/i0.wp.com\/elterritorialweb.com.ar\/web\/wp-content\/uploads\/2024\/04\/IMG-20240422-WA0041.jpg?w=1920 1920w\" data-sizes=\"(max-width: 396px) 100vw, 396px\" src=\"data:image\/svg+xml;base64,PHN2ZyB3aWR0aD0iMSIgaGVpZ2h0PSIxIiB4bWxucz0iaHR0cDovL3d3dy53My5vcmcvMjAwMC9zdmciPjwvc3ZnPg==\" style=\"--smush-placeholder-width: 396px; --smush-placeholder-aspect-ratio: 396\/263;\" \/><\/a><\/figure>\n\n\n\n<p><br>Asimismo, luego de agradecer la presencia de representantes de distintos sectores, dijo: \u201cQue las coyunturas, los problemas no nos impidan ver el horizonte y el futuro; eso es lo que estamos haciendo aqu\u00ed: Trabajar para poder tener pol\u00edticas activas necesarias, estar cerca de quien lo necesite, apoyar a quien pueda ayudar a salir adelante a todos los sectores y actividades, y desarrollar para el futuro de una provincia con crecimiento, inclusi\u00f3n para todos y progreso\u201d.<br>Finalmente, tom\u00f3 la palabra el Dr. Salvia, quien ofreci\u00f3 un resumen de los resultados de este estudio y las correspondientes recomendaciones, a partir de los datos obtenidos, los cuales reflejan aspectos positivos de los \u00faltimos 12 a\u00f1os en cuanto al comportamiento del mercado de trabajo en la provincia, con \u201cun proceso expansivo en materia econ\u00f3mico-productiva que contrasta con el magro crecimiento registrado en el pa\u00eds\u201d, con un marcado desarrollo en el sector privado.<\/p>\n\n\n\n<figure class=\"wp-block-image size-large\"><a href=\"https:\/\/i0.wp.com\/elterritorialweb.com.ar\/web\/wp-content\/uploads\/2024\/04\/IMG-20240422-WA0038.jpg\"><img data-recalc-dims=\"1\" decoding=\"async\" width=\"640\" height=\"426\" data-src=\"https:\/\/i0.wp.com\/elterritorialweb.com.ar\/web\/wp-content\/uploads\/2024\/04\/IMG-20240422-WA0038.jpg?resize=640%2C426\" alt=\"\" class=\"wp-image-65458 lazyload\" data-srcset=\"https:\/\/i0.wp.com\/elterritorialweb.com.ar\/web\/wp-content\/uploads\/2024\/04\/IMG-20240422-WA0038.jpg?resize=1024%2C682&amp;ssl=1 1024w, https:\/\/i0.wp.com\/elterritorialweb.com.ar\/web\/wp-content\/uploads\/2024\/04\/IMG-20240422-WA0038.jpg?resize=300%2C200&amp;ssl=1 300w, https:\/\/i0.wp.com\/elterritorialweb.com.ar\/web\/wp-content\/uploads\/2024\/04\/IMG-20240422-WA0038.jpg?resize=768%2C512&amp;ssl=1 768w, https:\/\/i0.wp.com\/elterritorialweb.com.ar\/web\/wp-content\/uploads\/2024\/04\/IMG-20240422-WA0038.jpg?resize=1536%2C1024&amp;ssl=1 1536w, https:\/\/i0.wp.com\/elterritorialweb.com.ar\/web\/wp-content\/uploads\/2024\/04\/IMG-20240422-WA0038.jpg?resize=2048%2C1365&amp;ssl=1 2048w, https:\/\/i0.wp.com\/elterritorialweb.com.ar\/web\/wp-content\/uploads\/2024\/04\/IMG-20240422-WA0038.jpg?w=1280 1280w, https:\/\/i0.wp.com\/elterritorialweb.com.ar\/web\/wp-content\/uploads\/2024\/04\/IMG-20240422-WA0038.jpg?w=1920 1920w\" data-sizes=\"(max-width: 640px) 100vw, 640px\" src=\"data:image\/svg+xml;base64,PHN2ZyB3aWR0aD0iMSIgaGVpZ2h0PSIxIiB4bWxucz0iaHR0cDovL3d3dy53My5vcmcvMjAwMC9zdmciPjwvc3ZnPg==\" style=\"--smush-placeholder-width: 640px; --smush-placeholder-aspect-ratio: 640\/426;\" \/><\/a><\/figure>\n\n\n\n<p>El informe tambi\u00e9n hace referencia a los \u201cRetos de la transformaci\u00f3n productiva en la provincia\u201d, con una descripci\u00f3n de la composici\u00f3n de la estructura econ\u00f3mico-ocupacional, informaci\u00f3n que permite tener m\u00e1s en claro las acciones necesarias para potenciar el crecimiento alcanzado por Santiago del Estero, como la b\u00fasqueda de inversiones, promover la radicaci\u00f3n de industrias y tambi\u00e9n la formaci\u00f3n de mano de obra calificada en \u00e1reas espec\u00edficas y seguir apuntalando la educaci\u00f3n como eje del crecimiento.<\/p>\n","protected":false},"excerpt":{"rendered":"<p>El gobernador Gerardo Zamora, acompa\u00f1ado por el jefe de Gabinete de Ministros, El\u00edas Su\u00e1rez, particip\u00f3 este lunes de la presentaci\u00f3n del Diagn\u00f3stico de la Situaci\u00f3n Socio-Ocupacional y Evaluaci\u00f3n de las Pol\u00edticas de Desarrollo e Inclusi\u00f3n de Santiago del Estero en el per\u00edodo 2010-1022, realizado por el Dr. Agust\u00edn Salvia, director del Observatorio de la Deuda Social Argentina.<\/p>\n","protected":false},"author":2,"featured_media":65454,"comment_status":"open","ping_status":"open","sticky":false,"template":"","format":"standard","meta":{"om_disable_all_campaigns":false,"_monsterinsights_skip_tracking":false,"_monsterinsights_sitenote_active":false,"_monsterinsights_sitenote_note":"","_monsterinsights_sitenote_category":0,"_uf_show_specific_survey":0,"_uf_disable_surveys":false,"jetpack_post_was_ever_published":false,"_jetpack_newsletter_access":"","_jetpack_dont_email_post_to_subs":false,"_jetpack_newsletter_tier_id":0,"_jetpack_memberships_contains_paywalled_content":false,"_jetpack_memberships_contains_paid_content":false,"footnotes":"","jetpack_publicize_message":"","jetpack_publicize_feature_enabled":true,"jetpack_social_post_already_shared":false,"jetpack_social_options":{"image_generator_settings":{"template":"highway","default_image_id":0,"font":"","enabled":false},"version":2}},"categories":[4,21],"tags":[],"class_list":["post-65453","post","type-post","status-publish","format-standard","has-post-thumbnail","hentry","category-destacadas","category-locales"],"aioseo_notices":[],"views":8,"jetpack_publicize_connections":[],"jetpack_featured_media_url":"https:\/\/i0.wp.com\/elterritorialweb.com.ar\/web\/wp-content\/uploads\/2024\/04\/IMG-20240422-WA0040.jpg?fit=2560%2C1706&ssl=1","jetpack_sharing_enabled":true,"_links":{"self":[{"href":"https:\/\/elterritorialweb.com.ar\/web\/wp-json\/wp\/v2\/posts\/65453","targetHints":{"allow":["GET"]}}],"collection":[{"href":"https:\/\/elterritorialweb.com.ar\/web\/wp-json\/wp\/v2\/posts"}],"about":[{"href":"https:\/\/elterritorialweb.com.ar\/web\/wp-json\/wp\/v2\/types\/post"}],"author":[{"embeddable":true,"href":"https:\/\/elterritorialweb.com.ar\/web\/wp-json\/wp\/v2\/users\/2"}],"replies":[{"embeddable":true,"href":"https:\/\/elterritorialweb.com.ar\/web\/wp-json\/wp\/v2\/comments?post=65453"}],"version-history":[{"count":1,"href":"https:\/\/elterritorialweb.com.ar\/web\/wp-json\/wp\/v2\/posts\/65453\/revisions"}],"predecessor-version":[{"id":65459,"href":"https:\/\/elterritorialweb.com.ar\/web\/wp-json\/wp\/v2\/posts\/65453\/revisions\/65459"}],"wp:featuredmedia":[{"embeddable":true,"href":"https:\/\/elterritorialweb.com.ar\/web\/wp-json\/wp\/v2\/media\/65454"}],"wp:attachment":[{"href":"https:\/\/elterritorialweb.com.ar\/web\/wp-json\/wp\/v2\/media?parent=65453"}],"wp:term":[{"taxonomy":"category","embeddable":true,"href":"https:\/\/elterritorialweb.com.ar\/web\/wp-json\/wp\/v2\/categories?post=65453"},{"taxonomy":"post_tag","embeddable":true,"href":"https:\/\/elterritorialweb.com.ar\/web\/wp-json\/wp\/v2\/tags?post=65453"}],"curies":[{"name":"wp","href":"https:\/\/api.w.org\/{rel}","templated":true}]}}