{"id":65461,"date":"2024-04-22T22:13:32","date_gmt":"2024-04-22T22:13:32","guid":{"rendered":"https:\/\/elterritorialweb.com.ar\/web\/?p=65461"},"modified":"2024-04-22T22:14:26","modified_gmt":"2024-04-22T22:14:26","slug":"el-gobierno-de-la-provincia-agotara-todas-las-instancias-para-asegurar-a-los-santiaguenos-el-goce-de-sus-derechos","status":"publish","type":"post","link":"https:\/\/elterritorialweb.com.ar\/web\/el-gobierno-de-la-provincia-agotara-todas-las-instancias-para-asegurar-a-los-santiaguenos-el-goce-de-sus-derechos\/","title":{"rendered":"\u00abEL GOBIERNO DE LA PROVINCIA AGOTAR\u00c1 TODAS LAS INSTANCIAS PARA ASEGURAR A LOS SANTIAGUE\u00d1OS EL GOCE DE SUS DERECHOS\u00bb"},"content":{"rendered":"\n<p>Acompa\u00f1ado por el intendente anfitri\u00f3n,&nbsp;<strong>Dr. Oscar Daniel Ju\u00e1rez<\/strong>; director de Despacho del Ministerio de Desarrollo Social,&nbsp;<strong>Antonio Carrizo<\/strong>&nbsp;y el director de Relaciones Institucionales de la Legislatura,&nbsp;<strong>Dr. Luis Herrera,<\/strong>&nbsp;entre otros, el vicegobernador encabez\u00f3 el acto central,&nbsp;<strong>d\u00f3nde transmiti\u00f3 el afectuoso saludo y las felicitaciones del gobernador Dr. Gerardo Zamora por este nuevo aniversario y ratific\u00f3<\/strong>&nbsp;\u201cel compromiso de su<em>&nbsp;<\/em><strong>Gobierno provincial&nbsp;<\/strong>para acompa\u00f1ar iniciativas de esta instituci\u00f3n municipal,&nbsp;<strong>pero tambi\u00e9n proyectos que hagan al crecimiento y al progreso de esta querida comunidad de San Pedro de Guasay\u00e1n<\/strong>\u201c.<\/p>\n\n\n\n<p>A su llegada a<strong>&nbsp;San Pedro<\/strong>, el<strong>&nbsp;vicegobernador y el intendente Ju\u00e1rez<\/strong>, acompa\u00f1ados por las autoridades presentes, realizaron el corte de cintas y entregaron en nombre del&nbsp;<strong>gobernador Gerardo Zamora<\/strong>&nbsp;una&nbsp;<strong>vivienda social a la familia Castillo<\/strong>, de un total de 4 con las que fueron beneficiados vecinos de la zona.<\/p>\n\n\n\n<p>Desde all\u00ed, la comitiva se traslad\u00f3 hasta el&nbsp;<strong>Polideportivo Municipal<\/strong>, donde dejaron oficialmente inaugurado un&nbsp;<strong>sal\u00f3n social que estar\u00e1 al servicio de los habitantes de esta localidad.<\/strong><\/p>\n\n\n\n<p>En su mensaje,<strong>&nbsp;Silva Neder<\/strong>&nbsp;indic\u00f3: \u201cSon tiempos complicados los que estamos viviendo todos los argentinos. No obstante, ello, el Gobierno de la Provincia de Santiago del Estero ha venido tomando decisiones en pos de menguar las consecuencias negativas, nocivas, de las decisiones del Gobierno Nacional\u201d.<\/p>\n\n\n\n<p>\u201cEn ese sentido -agreg\u00f3-, tengan la seguridad de que el&nbsp;<strong>Gobierno de la Provincia agotar\u00e1 todas las instancias para asegurarle a todos los santiague\u00f1os y santiague\u00f1as el goce pleno de sus derechos,<\/strong>&nbsp;porque hay un Gobierno encabezado por&nbsp;<strong>Gerardo Zamora<\/strong>&nbsp;que hace un manejo muy claro, muy cercano y serio de los recursos del Estado\u201d.<\/p>\n\n\n\n<p>En tal sentido, remarc\u00f3: \u201cEso ha significado de que&nbsp;<strong>Santiago del Estero, desde el a\u00f1o 2005, tenga un presupuesto general de gastos superhabitarios<\/strong>, lo que le ha permitido a la provincia poder crecer y desarrollarse en obras de infraestructura, en un programa muy ambicioso de construcci\u00f3n de viviendas a trav\u00e9s del IPVU para quienes tienen la posibilidad de pagar a fin de mes una cuota, pero tambi\u00e9n, a trav\u00e9s del Ministerio de Desarrollo Social, el plan de construcci\u00f3n de viviendas sociales y erradicaci\u00f3n de viviendas ranchos, los que le ha colocado a Santiago del Estero en una provincia de vanguardia en el contexto de Naci\u00f3n, d\u00f3nde el 82% de los ciudadanos son propietarios de sus propias viviendas\u201d.<\/p>\n\n\n\n<p>\u201cAdem\u00e1s -acot\u00f3- hay un Estado tambi\u00e9n que acompa\u00f1a la iniciativa y los esfuerzos privados, llevando a Santiago del Estero a ser la tercera productora de trigo, la cuarta de ma\u00edz, la quinta de soja y la primera de fibra de algod\u00f3n. Sin dudas, hay en la provincia de Santiago del Estero un Estado presente y eficiente\u201d.<\/p>\n\n\n\n<p>Por su parte, el<strong>&nbsp;intendente Ju\u00e1rez<\/strong>&nbsp;agradeci\u00f3&nbsp;<strong>\u201cel apoyo permanente del gobernador Gerardo Zamora\u201d<\/strong>&nbsp;y se\u00f1al\u00f3 que<strong>&nbsp;\u201ctodas las obras y avances no podr\u00edan haber sido posibles sin la ayuda del Gobierno de la Provincia\u201d<\/strong>.<\/p>\n\n\n\n<p>En la ocasi\u00f3n, tambi\u00e9n estuvieron presentes el titular de la Direcci\u00f3n Provincial de Seguridad Vial,&nbsp;<strong>N\u00e9stor Flores<\/strong>; secretario de Gobierno de la Municipalidad de San Pedro,&nbsp;<strong>Luis Pinto<\/strong>;&nbsp;<strong>Paolo Luj\u00e1n<\/strong>, comisionado municipal de Taco Ralo (Tucum\u00e1n);&nbsp;<strong>Edgar Veliz<\/strong>, secretario de Gobierno de Los Altos (Catamarca); y&nbsp;<strong>concejales<\/strong>, entre otras autoridades.<\/p>\n\n\n\n<p>Durante el acto, se realiz\u00f3 la entrega del&nbsp;<strong>Decreto de Hu\u00e9sped de Honor, de la Declaraci\u00f3n de inter\u00e9s emitida por la Honorable C\u00e1mara de Diputados; placas recordatorias y de reconocimientos a personalidades destacadas en la localidad.<\/strong><\/p>\n\n\n\n<p><strong>En la oportunidad, realizaron la Promesa de Lealtad a la Bandera alumnos de 7\u00b0 grado de la Escuela N\u00b0 19 y de los alumnos de 6\u00b0 a\u00f1o del Colegio Agrot\u00e9cnico N\u00b04\u201d.<\/strong><\/p>\n\n\n\n<figure class=\"wp-block-image\"><img decoding=\"async\" data-src=\"https:\/\/sde.gob.ar\/wp-content\/uploads\/2022\/11\/escudo_sde_blanco.svg\" alt=\"\" class=\"wp-image-5891 lazyload\" src=\"data:image\/svg+xml;base64,PHN2ZyB3aWR0aD0iMSIgaGVpZ2h0PSIxIiB4bWxucz0iaHR0cDovL3d3dy53My5vcmcvMjAwMC9zdmciPjwvc3ZnPg==\" \/><\/figure>\n","protected":false},"excerpt":{"rendered":"<p>El vicegobernador de la provincia, Dr. Carlos Silva Neder, en representaci\u00f3n del gobernador Dr. Gerardo Zamora, encabez\u00f3 el acto protocolar por el 146\u00b0 aniversario de la ciudad de San Pedro de Guasay\u00e1n, donde indic\u00f3 que el \u201cGobierno de la Provincia, con Gerardo Zamora a la cabeza, agotar\u00e1 todas las instancias para asegurarle a todos los santiague\u00f1os y santiague\u00f1as el goce pleno de sus derechos\u201d.<\/p>\n","protected":false},"author":2,"featured_media":65462,"comment_status":"open","ping_status":"open","sticky":false,"template":"","format":"standard","meta":{"om_disable_all_campaigns":false,"_monsterinsights_skip_tracking":false,"_monsterinsights_sitenote_active":false,"_monsterinsights_sitenote_note":"","_monsterinsights_sitenote_category":0,"_uf_show_specific_survey":0,"_uf_disable_surveys":false,"jetpack_post_was_ever_published":false,"_jetpack_newsletter_access":"","_jetpack_dont_email_post_to_subs":false,"_jetpack_newsletter_tier_id":0,"_jetpack_memberships_contains_paywalled_content":false,"_jetpack_memberships_contains_paid_content":false,"footnotes":"","jetpack_publicize_message":"","jetpack_publicize_feature_enabled":true,"jetpack_social_post_already_shared":false,"jetpack_social_options":{"image_generator_settings":{"template":"highway","default_image_id":0,"font":"","enabled":false},"version":2}},"categories":[21],"tags":[556,49],"class_list":["post-65461","post","type-post","status-publish","format-standard","has-post-thumbnail","hentry","category-locales","tag-carlos-silva-neder","tag-gobierno-de-santiago-del-estero"],"aioseo_notices":[],"views":9,"jetpack_publicize_connections":[],"jetpack_featured_media_url":"https:\/\/i0.wp.com\/elterritorialweb.com.ar\/web\/wp-content\/uploads\/2024\/04\/guasayan-aniversario-.jpeg?fit=1591%2C895&ssl=1","jetpack_sharing_enabled":true,"_links":{"self":[{"href":"https:\/\/elterritorialweb.com.ar\/web\/wp-json\/wp\/v2\/posts\/65461","targetHints":{"allow":["GET"]}}],"collection":[{"href":"https:\/\/elterritorialweb.com.ar\/web\/wp-json\/wp\/v2\/posts"}],"about":[{"href":"https:\/\/elterritorialweb.com.ar\/web\/wp-json\/wp\/v2\/types\/post"}],"author":[{"embeddable":true,"href":"https:\/\/elterritorialweb.com.ar\/web\/wp-json\/wp\/v2\/users\/2"}],"replies":[{"embeddable":true,"href":"https:\/\/elterritorialweb.com.ar\/web\/wp-json\/wp\/v2\/comments?post=65461"}],"version-history":[{"count":2,"href":"https:\/\/elterritorialweb.com.ar\/web\/wp-json\/wp\/v2\/posts\/65461\/revisions"}],"predecessor-version":[{"id":65464,"href":"https:\/\/elterritorialweb.com.ar\/web\/wp-json\/wp\/v2\/posts\/65461\/revisions\/65464"}],"wp:featuredmedia":[{"embeddable":true,"href":"https:\/\/elterritorialweb.com.ar\/web\/wp-json\/wp\/v2\/media\/65462"}],"wp:attachment":[{"href":"https:\/\/elterritorialweb.com.ar\/web\/wp-json\/wp\/v2\/media?parent=65461"}],"wp:term":[{"taxonomy":"category","embeddable":true,"href":"https:\/\/elterritorialweb.com.ar\/web\/wp-json\/wp\/v2\/categories?post=65461"},{"taxonomy":"post_tag","embeddable":true,"href":"https:\/\/elterritorialweb.com.ar\/web\/wp-json\/wp\/v2\/tags?post=65461"}],"curies":[{"name":"wp","href":"https:\/\/api.w.org\/{rel}","templated":true}]}}