{"id":65468,"date":"2024-04-23T02:10:05","date_gmt":"2024-04-23T02:10:05","guid":{"rendered":"https:\/\/elterritorialweb.com.ar\/web\/?p=65468"},"modified":"2024-04-23T02:10:09","modified_gmt":"2024-04-23T02:10:09","slug":"asumio-gonzalez-velez-en-central-cordoba","status":"publish","type":"post","link":"https:\/\/elterritorialweb.com.ar\/web\/asumio-gonzalez-velez-en-central-cordoba\/","title":{"rendered":"ASUMI\u00d3 GONZ\u00c1LEZ V\u00c9LEZ EN CENTRAL C\u00d3RDOBA"},"content":{"rendered":"\n<p>El DT de 42 a\u00f1os lleg\u00f3 temprano al estadio Alfredo Terrera y a las 18 fue presentado al plantel por parte de la directiva de la instituci\u00f3n. All\u00ed comenz\u00f3 la pr\u00e1ctica que consisti\u00f3 en trabajos con pelota en espacios reducidos.<\/p>\n\n\n\n<p>Gonz\u00e1lez V\u00e9lez tiene como colaboradores Alexis Henr\u00edquez, Tiago Pina, Camilo Cartagena y Luis Restrepo, quienes se sumaron a Francisco Jensen, Francisco Galv\u00e1n, Ariel Trejo, Llamil Godoy, Oscar Cevil\u00e1n y Silvia Guti\u00e9rrez.<\/p>\n\n\n\n<p>Cabe recordar que Lucas Gonz\u00e1lez V\u00e9lez tendr\u00e1 su debut al mando de Central C\u00f3rdoba cuando arranque el Torneo de la Liga Profesional de F\u00fatbol de la AFA el pr\u00f3ximo 10 de mayo. En esa primera fecha visitar\u00e1 a River Plate en el estadio Monumental.<\/p>\n","protected":false},"excerpt":{"rendered":"<p>El entrenador Lucas Gonz\u00e1lez V\u00e9lez asumi\u00f3 su cargo al mando del plantel profesional de Central C\u00f3rdoba de cara a la disputa del Torneo 2024 de la Liga Profesional de F\u00fatbol de la AFA.<\/p>\n","protected":false},"author":2,"featured_media":65470,"comment_status":"open","ping_status":"open","sticky":false,"template":"","format":"standard","meta":{"om_disable_all_campaigns":false,"_monsterinsights_skip_tracking":false,"_monsterinsights_sitenote_active":false,"_monsterinsights_sitenote_note":"","_monsterinsights_sitenote_category":0,"_uf_show_specific_survey":0,"_uf_disable_surveys":false,"jetpack_post_was_ever_published":false,"_jetpack_newsletter_access":"","_jetpack_dont_email_post_to_subs":false,"_jetpack_newsletter_tier_id":0,"_jetpack_memberships_contains_paywalled_content":false,"_jetpack_memberships_contains_paid_content":false,"footnotes":"","jetpack_publicize_message":"","jetpack_publicize_feature_enabled":true,"jetpack_social_post_already_shared":false,"jetpack_social_options":{"image_generator_settings":{"template":"highway","default_image_id":0,"font":"","enabled":false},"version":2}},"categories":[6],"tags":[],"class_list":["post-65468","post","type-post","status-publish","format-standard","has-post-thumbnail","hentry","category-deportes"],"aioseo_notices":[],"views":13,"jetpack_publicize_connections":[],"jetpack_featured_media_url":"https:\/\/i0.wp.com\/elterritorialweb.com.ar\/web\/wp-content\/uploads\/2024\/04\/IMG-20240422-WA0086-scaled.jpg?fit=2560%2C1706&ssl=1","jetpack_sharing_enabled":true,"_links":{"self":[{"href":"https:\/\/elterritorialweb.com.ar\/web\/wp-json\/wp\/v2\/posts\/65468","targetHints":{"allow":["GET"]}}],"collection":[{"href":"https:\/\/elterritorialweb.com.ar\/web\/wp-json\/wp\/v2\/posts"}],"about":[{"href":"https:\/\/elterritorialweb.com.ar\/web\/wp-json\/wp\/v2\/types\/post"}],"author":[{"embeddable":true,"href":"https:\/\/elterritorialweb.com.ar\/web\/wp-json\/wp\/v2\/users\/2"}],"replies":[{"embeddable":true,"href":"https:\/\/elterritorialweb.com.ar\/web\/wp-json\/wp\/v2\/comments?post=65468"}],"version-history":[{"count":1,"href":"https:\/\/elterritorialweb.com.ar\/web\/wp-json\/wp\/v2\/posts\/65468\/revisions"}],"predecessor-version":[{"id":65471,"href":"https:\/\/elterritorialweb.com.ar\/web\/wp-json\/wp\/v2\/posts\/65468\/revisions\/65471"}],"wp:featuredmedia":[{"embeddable":true,"href":"https:\/\/elterritorialweb.com.ar\/web\/wp-json\/wp\/v2\/media\/65470"}],"wp:attachment":[{"href":"https:\/\/elterritorialweb.com.ar\/web\/wp-json\/wp\/v2\/media?parent=65468"}],"wp:term":[{"taxonomy":"category","embeddable":true,"href":"https:\/\/elterritorialweb.com.ar\/web\/wp-json\/wp\/v2\/categories?post=65468"},{"taxonomy":"post_tag","embeddable":true,"href":"https:\/\/elterritorialweb.com.ar\/web\/wp-json\/wp\/v2\/tags?post=65468"}],"curies":[{"name":"wp","href":"https:\/\/api.w.org\/{rel}","templated":true}]}}