{"id":65474,"date":"2024-04-23T11:47:05","date_gmt":"2024-04-23T11:47:05","guid":{"rendered":"https:\/\/elterritorialweb.com.ar\/web\/?p=65474"},"modified":"2024-04-23T11:47:09","modified_gmt":"2024-04-23T11:47:09","slug":"en-cadena-nacional-javier-milei-festejo-el-superavit-financiero","status":"publish","type":"post","link":"https:\/\/elterritorialweb.com.ar\/web\/en-cadena-nacional-javier-milei-festejo-el-superavit-financiero\/","title":{"rendered":"EN CADENA NACIONAL, JAVIER MILEI FESTEJ\u00d3 EL SUPER\u00c1VIT FINANCIERO"},"content":{"rendered":"\n<p>El presidente&nbsp;<strong>Javier Milei anunci\u00f3 en cadena nacional que en marzo se registr\u00f3 un super\u00e1vit financiero de 275 mil millones de pesos<\/strong>, que representa el 0,2% del Producto Bruto Interno (PBI) en medio del plan motosierra que lleva adelante desde el 10 de diciembre.<\/p>\n\n\n\n<p><strong>A lo largo de los 133 d\u00edas de gesti\u00f3n de La Libertad Avanza<\/strong>, se gener\u00f3 una p\u00e9rdida del poder adquisitivo de los trabajadores, una disminuci\u00f3n del 33,7% de las jubilaciones, miles de despidos en el sector p\u00fablico,&nbsp;<strong>reducci\u00f3n del 76% de las transferencias a las provincias<\/strong>, la paralizaci\u00f3n de la obra p\u00fablica (<strong>alcanz\u00f3 el 87% seg\u00fan las palabras del jefe de Estado<\/strong>) y el congelamiento del presupuesto de las universidades.<\/p>\n\n\n\n<p>Cada uno de los recortes ejercidos contribuyeron a las cifras que expuso el mandatario, que estuvo acompa\u00f1ado por el ministro de Econom\u00eda,&nbsp;<strong>Luis Caputo<\/strong>, y el presidente del Banco Central,&nbsp;<strong>Santiago Bausili<\/strong>: \u00ab<strong>Quiero anunciar que el sector p\u00fablico nacional registr\u00f3 durante marzo un super\u00e1vit financiero de m\u00e1s de 275 mil millones de pesos<\/strong>. Logrando, luego de casi m\u00e1s de 20 a\u00f1os, un super\u00e1vit financiero del 0,2% del PBI durante el primer trimestre del a\u00f1o\u00bb.<\/p>\n\n\n\n<blockquote class=\"wp-block-quote is-layout-flow wp-block-quote-is-layout-flow\">\n<p><em>Los argentinos no ten\u00edamos tiempo para nuevos experimentos gradualistas<\/em><\/p>\n<cite>Javier Milei<\/cite><\/blockquote>\n\n\n\n<p>En tal sentido, el jefe de Estado remarc\u00f3 cual es la importancia del super\u00e1vit para la administraci\u00f3n de La Libertad Avanza: \u00abEste concepto no es ni m\u00e1s ni menos que el \u00fanico punto de partida para terminar, de una vez y para siempre,&nbsp;<strong>con el infierno inflacionario que fue la Argentina desde la ca\u00edda de la convertibilidad<\/strong>\u00ab. M\u00e1s adelante dej\u00f3 en claro que \u00abel super\u00e1vit es la piedra angular desde la cual construimos la nueva era de prosperidad de la Argentina\u00bb.<\/p>\n\n\n\n<p>Durante su discurso grabado en Casa Rosada, que se extendi\u00f3 a lo largo de 16 minutos, el economista libertario advirti\u00f3 que seguir\u00e1 por esta l\u00ednea: \u00ab<strong>No esperen la salida de la mano del gasto p\u00fablico. La era del supuesto Estado presente ha terminado.&nbsp;<\/strong>Ha sido un fracaso estrepitoso que ha sumergido al 60% de la poblaci\u00f3n en la pobreza y nunca m\u00e1s vamos a volver a eso\u00bb.<\/p>\n\n\n\n<h3 class=\"wp-block-heading\"><strong>Sobre los jubilados<\/strong> <\/h3>\n\n\n\n<p><a href=\"https:\/\/www.c5n.com\/politica\/javier-milei-volvio-atacar-periodistas-y-economistas-cadena-nacional-petardistas-tribuneros-n155282\"><\/a>\u00ab<strong>De los 5 puntos de d\u00e9ficit del tesoro que hemos ajustado, s\u00f3lo el 0,4% responde a la p\u00e9rdida de poder adquisitivo de las<\/strong>&nbsp;<strong>jubilaciones\u00bb<\/strong>, detall\u00f3 el mandatario libertario durante la cadena nacional, en la que celebr\u00f3 los resultados del ajuste realizado desde la asunci\u00f3n presidencial.<\/p>\n\n\n\n<p>En la misma l\u00ednea, el Presidente carg\u00f3 contra la administraci\u00f3n del Frente de Todos: \u00ab<strong>Una p\u00e9rdida producida por la nefasta f\u00f3rmula de movilidad de Alberto Fern\u00e1ndez<\/strong>, que quisimos modificar en la Ley Bases y que luego tuvimos que modificar por DNU, frente a la falta de voluntad de algunos sectores pol\u00edticos\u00bb.<\/p>\n\n\n\n<h3 class=\"wp-block-heading\"><strong>Milei volvi\u00f3 a atacar a los periodistas<\/strong> <\/h3>\n\n\n\n<p>El presidente&nbsp;<strong>Javier Milei atac\u00f3 nuevamente a periodistas<\/strong>&nbsp;en su cadena nacional de este lunes, en la que anunci\u00f3 que en marzo se registr\u00f3 un super\u00e1vit financiero de $275 mil millones, en medio de un brutal ajuste que gener\u00f3 p\u00e9rdida del poder adquisitivo de las jubilaciones, despidos en el sector p\u00fablico, reducci\u00f3n de las transferencias a las provincias y de la obra p\u00fablica.<\/p>\n\n\n\n<p>El mandatario arremeti\u00f3 de nuevo contra la prensa: \u00abEn contra de los pron\u00f3sticos de la mayor\u00eda de los dirigentes pol\u00edticos,&nbsp;<strong>los economistas profesionales televisivos y petardistas tribuneros, los periodistas especializados y buena parte del establishment argentino<\/strong>&nbsp;quiero anunciar que el sector p\u00fablico nacional registr\u00f3 durante el mes de marzo un super\u00e1vit financiero de m\u00e1s de $275 mil millones\u00bb.<\/p>\n","protected":false},"excerpt":{"rendered":"<p>El Presidente encabez\u00f3 una cadena nacional junto con el ministro de Econom\u00eda, Luis Caputo, y su equipo econ\u00f3mico para anunciar un super\u00e1vit del 0,2% en marzo tras ejecutar un brutal ajuste.<\/p>\n","protected":false},"author":2,"featured_media":65475,"comment_status":"open","ping_status":"open","sticky":false,"template":"","format":"standard","meta":{"om_disable_all_campaigns":false,"_monsterinsights_skip_tracking":false,"_monsterinsights_sitenote_active":false,"_monsterinsights_sitenote_note":"","_monsterinsights_sitenote_category":0,"_uf_show_specific_survey":0,"_uf_disable_surveys":false,"jetpack_post_was_ever_published":false,"_jetpack_newsletter_access":"","_jetpack_dont_email_post_to_subs":false,"_jetpack_newsletter_tier_id":0,"_jetpack_memberships_contains_paywalled_content":false,"_jetpack_memberships_contains_paid_content":false,"footnotes":"","jetpack_publicize_message":"","jetpack_publicize_feature_enabled":true,"jetpack_social_post_already_shared":false,"jetpack_social_options":{"image_generator_settings":{"template":"highway","default_image_id":0,"font":"","enabled":false},"version":2}},"categories":[7],"tags":[92],"class_list":["post-65474","post","type-post","status-publish","format-standard","has-post-thumbnail","hentry","category-nacionales","tag-javier-milei"],"aioseo_notices":[],"views":11,"jetpack_publicize_connections":[],"jetpack_featured_media_url":"https:\/\/i0.wp.com\/elterritorialweb.com.ar\/web\/wp-content\/uploads\/2024\/04\/javier-milei-cadena-nacional-22-abril-2024jpg.jpg?fit=790%2C445&ssl=1","jetpack_sharing_enabled":true,"_links":{"self":[{"href":"https:\/\/elterritorialweb.com.ar\/web\/wp-json\/wp\/v2\/posts\/65474","targetHints":{"allow":["GET"]}}],"collection":[{"href":"https:\/\/elterritorialweb.com.ar\/web\/wp-json\/wp\/v2\/posts"}],"about":[{"href":"https:\/\/elterritorialweb.com.ar\/web\/wp-json\/wp\/v2\/types\/post"}],"author":[{"embeddable":true,"href":"https:\/\/elterritorialweb.com.ar\/web\/wp-json\/wp\/v2\/users\/2"}],"replies":[{"embeddable":true,"href":"https:\/\/elterritorialweb.com.ar\/web\/wp-json\/wp\/v2\/comments?post=65474"}],"version-history":[{"count":1,"href":"https:\/\/elterritorialweb.com.ar\/web\/wp-json\/wp\/v2\/posts\/65474\/revisions"}],"predecessor-version":[{"id":65476,"href":"https:\/\/elterritorialweb.com.ar\/web\/wp-json\/wp\/v2\/posts\/65474\/revisions\/65476"}],"wp:featuredmedia":[{"embeddable":true,"href":"https:\/\/elterritorialweb.com.ar\/web\/wp-json\/wp\/v2\/media\/65475"}],"wp:attachment":[{"href":"https:\/\/elterritorialweb.com.ar\/web\/wp-json\/wp\/v2\/media?parent=65474"}],"wp:term":[{"taxonomy":"category","embeddable":true,"href":"https:\/\/elterritorialweb.com.ar\/web\/wp-json\/wp\/v2\/categories?post=65474"},{"taxonomy":"post_tag","embeddable":true,"href":"https:\/\/elterritorialweb.com.ar\/web\/wp-json\/wp\/v2\/tags?post=65474"}],"curies":[{"name":"wp","href":"https:\/\/api.w.org\/{rel}","templated":true}]}}