{"id":65477,"date":"2024-04-24T00:07:46","date_gmt":"2024-04-24T00:07:46","guid":{"rendered":"https:\/\/elterritorialweb.com.ar\/web\/?p=65477"},"modified":"2024-04-24T00:07:49","modified_gmt":"2024-04-24T00:07:49","slug":"convocan-a-sesion-especial-el-27-de-abril-para-el-mensaje-anual-del-gobernador","status":"publish","type":"post","link":"https:\/\/elterritorialweb.com.ar\/web\/convocan-a-sesion-especial-el-27-de-abril-para-el-mensaje-anual-del-gobernador\/","title":{"rendered":"CONVOCAN A SESI\u00d3N ESPECIAL EL 27 DE ABRIL PARA EL MENSAJE ANUAL DEL GOBERNADOR"},"content":{"rendered":"\n<p>Cumpliendo las disposiciones de la Constituci\u00f3n que regulan los compromisos institucionales del Gobierno de la Provincia y del Poder Legislativo, el presidente de la C\u00e1mara de Diputados<strong>, Dr. Carlos Silva Neder convoc\u00f3 a Sesi\u00f3n Especial del Honorable Cuerpo para el pr\u00f3ximo 27 de abril, a las 9.30, a fin de recibir el Mensaje Anual del gobernador Dr. Gerardo Zamora<\/strong>. <\/p>\n\n\n\n<p>En sus considerandos, la\u00a0<strong>Resoluci\u00f3n rubricada por el titular natural del Poder Legislativo<\/strong>, indica que en la Constituci\u00f3n \u201c<strong>se fija las atribuciones y deberes del Poder Ejecutivo para informar ante la Legislatura sobre el Estado General de la Provincia\u201d\u00a0<\/strong>y que por ello\u00a0<strong>el Gobernador \u201cdar\u00e1 a conocer su mensaje al pueblo de la provincia y ante el Cuerpo Legislativo haciendo uso del Art. 160\u00ba Inc. 7) de la Constituci\u00f3n Provincial\u201d.<\/strong><\/p>\n\n\n\n<p>Agrega:<strong>\u00a0\u201cCorresponde a esta Presidencia dictar el acto legislativo y administrativo para fijar Sesi\u00f3n Especial en acuerdo con el Art. 7\u00ba del Reglamento Interno<\/strong>, con especificaci\u00f3n de d\u00eda y hora, para recibir al primer mandatario de la provincia y disponer en tiempo y forma las notificaciones\u201d.<\/p>\n","protected":false},"excerpt":{"rendered":"<p>Desde la Legislatura provincial convocan para el pr\u00f3ximo 27 de abril, a las 9.30, a fin de recibir el Mensaje Anual del gobernador Dr. Gerardo Zamora. <\/p>\n","protected":false},"author":2,"featured_media":12859,"comment_status":"open","ping_status":"open","sticky":false,"template":"","format":"standard","meta":{"om_disable_all_campaigns":false,"_monsterinsights_skip_tracking":false,"_monsterinsights_sitenote_active":false,"_monsterinsights_sitenote_note":"","_monsterinsights_sitenote_category":0,"_uf_show_specific_survey":0,"_uf_disable_surveys":false,"jetpack_post_was_ever_published":false,"_jetpack_newsletter_access":"","_jetpack_dont_email_post_to_subs":false,"_jetpack_newsletter_tier_id":0,"_jetpack_memberships_contains_paywalled_content":false,"_jetpack_memberships_contains_paid_content":false,"footnotes":"","jetpack_publicize_message":"","jetpack_publicize_feature_enabled":true,"jetpack_social_post_already_shared":false,"jetpack_social_options":{"image_generator_settings":{"template":"highway","default_image_id":0,"font":"","enabled":false},"version":2}},"categories":[4,21],"tags":[593],"class_list":["post-65477","post","type-post","status-publish","format-standard","has-post-thumbnail","hentry","category-destacadas","category-locales","tag-camara-de-diputados-de-santiago-del-estero"],"aioseo_notices":[],"views":11,"jetpack_publicize_connections":[],"jetpack_featured_media_url":"https:\/\/i0.wp.com\/elterritorialweb.com.ar\/web\/wp-content\/uploads\/2020\/11\/ZAMORA-MENSAJE-ANUAL-1.jpg?fit=1280%2C853&ssl=1","jetpack_sharing_enabled":true,"_links":{"self":[{"href":"https:\/\/elterritorialweb.com.ar\/web\/wp-json\/wp\/v2\/posts\/65477","targetHints":{"allow":["GET"]}}],"collection":[{"href":"https:\/\/elterritorialweb.com.ar\/web\/wp-json\/wp\/v2\/posts"}],"about":[{"href":"https:\/\/elterritorialweb.com.ar\/web\/wp-json\/wp\/v2\/types\/post"}],"author":[{"embeddable":true,"href":"https:\/\/elterritorialweb.com.ar\/web\/wp-json\/wp\/v2\/users\/2"}],"replies":[{"embeddable":true,"href":"https:\/\/elterritorialweb.com.ar\/web\/wp-json\/wp\/v2\/comments?post=65477"}],"version-history":[{"count":1,"href":"https:\/\/elterritorialweb.com.ar\/web\/wp-json\/wp\/v2\/posts\/65477\/revisions"}],"predecessor-version":[{"id":65478,"href":"https:\/\/elterritorialweb.com.ar\/web\/wp-json\/wp\/v2\/posts\/65477\/revisions\/65478"}],"wp:featuredmedia":[{"embeddable":true,"href":"https:\/\/elterritorialweb.com.ar\/web\/wp-json\/wp\/v2\/media\/12859"}],"wp:attachment":[{"href":"https:\/\/elterritorialweb.com.ar\/web\/wp-json\/wp\/v2\/media?parent=65477"}],"wp:term":[{"taxonomy":"category","embeddable":true,"href":"https:\/\/elterritorialweb.com.ar\/web\/wp-json\/wp\/v2\/categories?post=65477"},{"taxonomy":"post_tag","embeddable":true,"href":"https:\/\/elterritorialweb.com.ar\/web\/wp-json\/wp\/v2\/tags?post=65477"}],"curies":[{"name":"wp","href":"https:\/\/api.w.org\/{rel}","templated":true}]}}