{"id":65479,"date":"2024-04-24T00:19:59","date_gmt":"2024-04-24T00:19:59","guid":{"rendered":"https:\/\/elterritorialweb.com.ar\/web\/?p=65479"},"modified":"2024-04-24T00:20:02","modified_gmt":"2024-04-24T00:20:02","slug":"se-puso-en-marcha-la-red-de-monotoreo-cardiaco-en-las-upas","status":"publish","type":"post","link":"https:\/\/elterritorialweb.com.ar\/web\/se-puso-en-marcha-la-red-de-monotoreo-cardiaco-en-las-upas\/","title":{"rendered":"SE PUSO EN MARCHA LA RED DE MONOTOREO CARD\u00cdACO EN LAS UPAS"},"content":{"rendered":"\n<p>La red para la prevenci\u00f3n de enfermedades cr\u00f3nicas es impulsadas por la direcci\u00f3n de APS junto al Programa SUMAR y busca ampliar la accesibilidad a los controles cardiovasculares.<br>La primera atenci\u00f3n de la red se realiz\u00f3 en la UPA N\u00b0 3 del B\u00b0 Reconquista de la Ciudad Capital, coordinada por la Dra. Luc\u00eda Lami junto al cardi\u00f3logo Dr. Carlos Manfredi.<br>El Dr. Mauro Ruise, integrante del Programa SUMAR y coordinador de prevenci\u00f3n de enfermedades cardiovasculares explic\u00f3 que \u201cse comenz\u00f3 con la UPA Reconquista y su zona de influencia y se continuar\u00e1 con el resto de las UPAs progresivamente para que la comunidad tenga disposici\u00f3n en atenci\u00f3n primaria de esta herramienta muy \u00fatil para los pacientes que necesitan\u00bb.<\/p>\n\n\n\n<figure class=\"wp-block-image size-large\"><a href=\"https:\/\/i0.wp.com\/elterritorialweb.com.ar\/web\/wp-content\/uploads\/2024\/04\/IMG-20240423-WA0014.jpg\"><img data-recalc-dims=\"1\" decoding=\"async\" width=\"640\" height=\"479\" data-src=\"https:\/\/i0.wp.com\/elterritorialweb.com.ar\/web\/wp-content\/uploads\/2024\/04\/IMG-20240423-WA0014.jpg?resize=640%2C479\" alt=\"\" class=\"wp-image-65481 lazyload\" data-srcset=\"https:\/\/i0.wp.com\/elterritorialweb.com.ar\/web\/wp-content\/uploads\/2024\/04\/IMG-20240423-WA0014.jpg?resize=1024%2C766&amp;ssl=1 1024w, https:\/\/i0.wp.com\/elterritorialweb.com.ar\/web\/wp-content\/uploads\/2024\/04\/IMG-20240423-WA0014.jpg?resize=300%2C225&amp;ssl=1 300w, https:\/\/i0.wp.com\/elterritorialweb.com.ar\/web\/wp-content\/uploads\/2024\/04\/IMG-20240423-WA0014.jpg?resize=768%2C575&amp;ssl=1 768w, https:\/\/i0.wp.com\/elterritorialweb.com.ar\/web\/wp-content\/uploads\/2024\/04\/IMG-20240423-WA0014.jpg?w=1280&amp;ssl=1 1280w\" data-sizes=\"(max-width: 640px) 100vw, 640px\" src=\"data:image\/svg+xml;base64,PHN2ZyB3aWR0aD0iMSIgaGVpZ2h0PSIxIiB4bWxucz0iaHR0cDovL3d3dy53My5vcmcvMjAwMC9zdmciPjwvc3ZnPg==\" style=\"--smush-placeholder-width: 640px; --smush-placeholder-aspect-ratio: 640\/479;\" \/><\/a><\/figure>\n\n\n\n<p>Por otro lado, explic\u00f3 que el Holter es un dispositivo electr\u00f3nico peque\u00f1o que registra y almacena el electrocardiograma del paciente durante al menos 24 horas de forma ambulatoria. \u201cEste dispositivo es fundamental para el diagn\u00f3stico cardiol\u00f3gico ya que se puede obtener informaci\u00f3n muy \u00fatil acerca de la frecuencia cardiaca y saber si hay o no alteraciones en su ritmo\u201d, se\u00f1al\u00f3 Ruise.<br>Las principales indicaciones para una monitorizaci\u00f3n ambulatoria del electrocardiograma durante 24 horas son palpitaciones y taquicardia de origen no bien tipificado, mareos o s\u00edncope de causa indeterminada, dolor en el pecho en reposo o durante el ejercicio sin hallazgos en el ECG de esfuerzo, control de los marcapasos implantados y de los DAI y evaluaci\u00f3n de f\u00e1rmacos antiaar\u00edtmicos y antianginosos.<\/p>\n","protected":false},"excerpt":{"rendered":"<p>Esta red de monitoreo ambulatorio con holters, permitir\u00e1 incrementar la detecci\u00f3n de arritmias y el control de pacientes que padecen cardiopat\u00edas en el primer nivel de atenci\u00f3n.<\/p>\n","protected":false},"author":2,"featured_media":65480,"comment_status":"open","ping_status":"open","sticky":false,"template":"","format":"standard","meta":{"om_disable_all_campaigns":false,"_monsterinsights_skip_tracking":false,"_monsterinsights_sitenote_active":false,"_monsterinsights_sitenote_note":"","_monsterinsights_sitenote_category":0,"_uf_show_specific_survey":0,"_uf_disable_surveys":false,"jetpack_post_was_ever_published":false,"_jetpack_newsletter_access":"","_jetpack_dont_email_post_to_subs":false,"_jetpack_newsletter_tier_id":0,"_jetpack_memberships_contains_paywalled_content":false,"_jetpack_memberships_contains_paid_content":false,"footnotes":"","jetpack_publicize_message":"","jetpack_publicize_feature_enabled":true,"jetpack_social_post_already_shared":false,"jetpack_social_options":{"image_generator_settings":{"template":"highway","default_image_id":0,"font":"","enabled":false},"version":2}},"categories":[4,3],"tags":[287],"class_list":["post-65479","post","type-post","status-publish","format-standard","has-post-thumbnail","hentry","category-destacadas","category-salud","tag-ministerio-de-salud-de-santiago-del-estero"],"aioseo_notices":[],"views":11,"jetpack_publicize_connections":[],"jetpack_featured_media_url":"https:\/\/i0.wp.com\/elterritorialweb.com.ar\/web\/wp-content\/uploads\/2024\/04\/IMG-20240423-WA0015.jpg?fit=901%2C1600&ssl=1","jetpack_sharing_enabled":true,"_links":{"self":[{"href":"https:\/\/elterritorialweb.com.ar\/web\/wp-json\/wp\/v2\/posts\/65479","targetHints":{"allow":["GET"]}}],"collection":[{"href":"https:\/\/elterritorialweb.com.ar\/web\/wp-json\/wp\/v2\/posts"}],"about":[{"href":"https:\/\/elterritorialweb.com.ar\/web\/wp-json\/wp\/v2\/types\/post"}],"author":[{"embeddable":true,"href":"https:\/\/elterritorialweb.com.ar\/web\/wp-json\/wp\/v2\/users\/2"}],"replies":[{"embeddable":true,"href":"https:\/\/elterritorialweb.com.ar\/web\/wp-json\/wp\/v2\/comments?post=65479"}],"version-history":[{"count":1,"href":"https:\/\/elterritorialweb.com.ar\/web\/wp-json\/wp\/v2\/posts\/65479\/revisions"}],"predecessor-version":[{"id":65482,"href":"https:\/\/elterritorialweb.com.ar\/web\/wp-json\/wp\/v2\/posts\/65479\/revisions\/65482"}],"wp:featuredmedia":[{"embeddable":true,"href":"https:\/\/elterritorialweb.com.ar\/web\/wp-json\/wp\/v2\/media\/65480"}],"wp:attachment":[{"href":"https:\/\/elterritorialweb.com.ar\/web\/wp-json\/wp\/v2\/media?parent=65479"}],"wp:term":[{"taxonomy":"category","embeddable":true,"href":"https:\/\/elterritorialweb.com.ar\/web\/wp-json\/wp\/v2\/categories?post=65479"},{"taxonomy":"post_tag","embeddable":true,"href":"https:\/\/elterritorialweb.com.ar\/web\/wp-json\/wp\/v2\/tags?post=65479"}],"curies":[{"name":"wp","href":"https:\/\/api.w.org\/{rel}","templated":true}]}}