{"id":65483,"date":"2024-04-24T12:56:54","date_gmt":"2024-04-24T12:56:54","guid":{"rendered":"https:\/\/elterritorialweb.com.ar\/web\/?p=65483"},"modified":"2024-04-24T12:56:59","modified_gmt":"2024-04-24T12:56:59","slug":"multitudinaria-marcha-en-defensa-de-la-universidad-publica","status":"publish","type":"post","link":"https:\/\/elterritorialweb.com.ar\/web\/multitudinaria-marcha-en-defensa-de-la-universidad-publica\/","title":{"rendered":"MULTITUDINARIA MARCHA EN DEFENSA DE LA UNIVERSIDAD P\u00daBLICA"},"content":{"rendered":"\n<p><strong>La comunidad educativa recorri\u00f3 este martes las calles de todo el pa\u00eds en lo que se convirti\u00f3 en una jornada hist\u00f3rica,<\/strong>&nbsp;de esas que quedar\u00e1n seguramente en la memoria del pueblo argentino, en defensa de las universidades p\u00fablicas frente al fuerte ajuste de&nbsp;<strong>Javier Milei.&nbsp;<\/strong>La Ciudad Buenos Aires fue el epicentro de la movilizaci\u00f3n que&nbsp;<strong>concentr\u00f3 a unas 800 mil personas&nbsp;<\/strong>a lo largo de un extenso recorrido que culmin\u00f3 en una Plaza de Mayo rebalsada.&nbsp;Se estima que a nivel nacional se movilizaron m\u00e1s de un mill\u00f3n de personas.<\/p>\n\n\n\n<p>En la previa, cientos de estudiantes de distintas carreras de la Universidad de Buenos Aires se reunieron en Ciudad Universitaria para realizar una vigilia esperando el inicio de la marcha.&nbsp;<strong>Los videos en las redes dieron cuenta de como algunos aprovecharon a repasar apuntes con sus grupos de estudio&nbsp;<\/strong>y otros tantos usaron su creatividad para armar pancartas, pintar carteles y prepararse para la extensa jornada.<\/p>\n\n\n\n<p>Hasta el clima amenazaba con ser un impedimento pero este martes, pero curiosamente, el cielo de la Ciudad amaneci\u00f3 despejado y para el mediod\u00eda,&nbsp;<strong>un azul limpio cubr\u00eda todo.<\/strong><\/p>\n\n\n\n<p>Cerca de las 14, las calles que rodean el Congreso se poblaron de las fuerzas de seguridad, tal como lo indica el protocolo \u201cantipiquete\u201d ideado por la ministra de Seguridad,&nbsp;<strong>Patricia Bullrich,<\/strong>&nbsp;y ya utilizado en la movilizaci\u00f3n de la CGT de enero pasado y en cada protesta en torno al debate del DNU y la Ley \u00d3mnibus en el Senado y la C\u00e1mara de Diputados.<\/p>\n\n\n\n<p>En la Plaza y en las veredas, cientos de banderas de distintos colores pol\u00edticos, organizaciones sindicales y movimientos sociales esperaban a la comunidad educativa que iba llegando.&nbsp;<strong>Para las 15.30, hora pactada para que el despliegue hacia Plaza de Mayo, la zona estaba desbordada y las calles paralelas<\/strong>&nbsp;y las que desembocan en el edificio del Parlamento solo mostraban a cientos que se iban acercando.<\/p>\n\n\n\n<figure class=\"wp-block-image\"><img data-recalc-dims=\"1\" decoding=\"async\" data-src=\"https:\/\/i0.wp.com\/media.c5n.com\/p\/cf13c9157d59940629c77f84080dbfe2\/adjuntos\/326\/imagenes\/000\/261\/0000261944\/790x0\/smart\/marcha-universitaria.jpeg?w=640&#038;ssl=1\" alt=\"\" title=\"\" src=\"data:image\/svg+xml;base64,PHN2ZyB3aWR0aD0iMSIgaGVpZ2h0PSIxIiB4bWxucz0iaHR0cDovL3d3dy53My5vcmcvMjAwMC9zdmciPjwvc3ZnPg==\" class=\"lazyload\" \/><\/figure>\n\n\n\n<p>\u00c1mbito\/Mariano Petunchi<\/p>\n\n\n\n<p><strong>\u00abExisten un mont\u00f3n de motivos pero no podes cuestionar esta marcha\u00bb,&nbsp;<\/strong>reclamaba una mujer a su amiga mientras se aproximaban a la puerta del vallado Cine Gaumont. Personal policial cubr\u00eda el frente del edificio y se extend\u00eda por toda esa cuadra, un d\u00eda despu\u00e9s de que el Gobierno anuncie el desmantelamiento del Instituto Nacional de Cine y Artes Audiovisuales (Incaa), en otra provocaci\u00f3n a la cultura. Incluso,&nbsp;<strong>algunos artistas se sumaron a la convocatoria por la educaci\u00f3n y caminaron las calles junto a tantos otros.<\/strong><\/p>\n\n\n\n<p>Sin duda, los estudiantes fueron los protagonistas de la extensa jornada. De las m\u00e1s variadas carreras, de distintas facultades e incluso, de instituciones privadas, se sumaron a la convocatoria.<\/p>\n\n\n\n<p>Universidades de Rosario, Santa Fe, Mar del Plata, La Plata y el Conurbano bonaerense dijeron presente y los conjuntos se fueron a\u00f1adiendo, uno detr\u00e1s del otro, formando una interminable columna sobre Avenida de Mayo. Mientras tanto, en distintos puntos del pa\u00eds, la imagen se repet\u00eda.<\/p>\n\n\n\n<figure class=\"wp-block-image\"><img data-recalc-dims=\"1\" decoding=\"async\" data-src=\"https:\/\/i0.wp.com\/media.c5n.com\/p\/1b33d76235e0572a8b7218a1478c7f9a\/adjuntos\/326\/imagenes\/000\/261\/0000261938\/790x0\/smart\/marcha-universitaria-federal.jpeg?w=640&#038;ssl=1\" alt=\"\" title=\"\" src=\"data:image\/svg+xml;base64,PHN2ZyB3aWR0aD0iMSIgaGVpZ2h0PSIxIiB4bWxucz0iaHR0cDovL3d3dy53My5vcmcvMjAwMC9zdmciPjwvc3ZnPg==\" class=\"lazyload\" \/><\/figure>\n\n\n\n<p>NA\/Mariano S\u00e1nchez<\/p>\n\n\n\n<p>Pero los j\u00f3venes contaron en esta oportunidad con el apoyo de otros numerosos sectores: cientos de jubilados acompa\u00f1aron el reclamo, a su ritmo, con sus carteles. Uno de ellos explic\u00f3 que era hijo de inmigrantes europeos y que, gracias a la universidad p\u00fablica, hab\u00eda podido formarse profesionalmente y ejercer la medicina durante cinco d\u00e9cadas.&nbsp;<strong>\u00abDespu\u00e9s me sigui\u00f3 mi hija y ahora mi nieto, todos en la educaci\u00f3n p\u00fablica.&nbsp;<\/strong>En mi familia sabemos en carne propia lo valiosa que es la universidad estatal\u201d, expres\u00f3 a&nbsp;<strong>C5N&nbsp;<\/strong>jubilado ante la atenta mirada de su hija y su esposa.<\/p>\n\n\n\n<p><strong>\u00abPod\u00e9s haber votado a este gobierno pero hoy ten\u00e9s que estar en la plaza igual\u00bb,&nbsp;<\/strong>asegur\u00f3 Iara que estudi\u00f3 Econom\u00eda en una universidad privada porte\u00f1a y hoy trabaja en una multinacional del sector de seguros. \u201c<strong>Vine con mis compa\u00f1eros de trabajo, nos dejaron salir antes de la oficina para venir\u201d,<\/strong>&nbsp;agreg\u00f3, contenta por poder estar en una convocatoria de estas caracter\u00edsticas.<\/p>\n","protected":false},"excerpt":{"rendered":"<p>M\u00e1s de un mill\u00f3n de personas se movilizaron en distintos puntos del pa\u00eds para exigir mayor presupuesto para las universidades p\u00fablicas y en contra del brutal ajuste del Gobierno. Estudiantes, docentes, diversos espacios pol\u00edticos y ciudadanos de distintas partes dijeron presente en una de las movilizaciones m\u00e1s convocantes de los \u00faltimos a\u00f1os.<\/p>\n","protected":false},"author":2,"featured_media":65485,"comment_status":"open","ping_status":"open","sticky":false,"template":"","format":"standard","meta":{"om_disable_all_campaigns":false,"_monsterinsights_skip_tracking":false,"_monsterinsights_sitenote_active":false,"_monsterinsights_sitenote_note":"","_monsterinsights_sitenote_category":0,"_uf_show_specific_survey":0,"_uf_disable_surveys":false,"jetpack_post_was_ever_published":false,"_jetpack_newsletter_access":"","_jetpack_dont_email_post_to_subs":false,"_jetpack_newsletter_tier_id":0,"_jetpack_memberships_contains_paywalled_content":false,"_jetpack_memberships_contains_paid_content":false,"footnotes":"","jetpack_publicize_message":"","jetpack_publicize_feature_enabled":true,"jetpack_social_post_already_shared":false,"jetpack_social_options":{"image_generator_settings":{"template":"highway","default_image_id":0,"font":"","enabled":false},"version":2}},"categories":[4,7],"tags":[],"class_list":["post-65483","post","type-post","status-publish","format-standard","has-post-thumbnail","hentry","category-destacadas","category-nacionales"],"aioseo_notices":[],"views":15,"jetpack_publicize_connections":[],"jetpack_featured_media_url":"https:\/\/i0.wp.com\/elterritorialweb.com.ar\/web\/wp-content\/uploads\/2024\/04\/662820cf4cf4c-screen-and-max-width480px_360_202.webp?fit=360%2C202&ssl=1","jetpack_sharing_enabled":true,"_links":{"self":[{"href":"https:\/\/elterritorialweb.com.ar\/web\/wp-json\/wp\/v2\/posts\/65483","targetHints":{"allow":["GET"]}}],"collection":[{"href":"https:\/\/elterritorialweb.com.ar\/web\/wp-json\/wp\/v2\/posts"}],"about":[{"href":"https:\/\/elterritorialweb.com.ar\/web\/wp-json\/wp\/v2\/types\/post"}],"author":[{"embeddable":true,"href":"https:\/\/elterritorialweb.com.ar\/web\/wp-json\/wp\/v2\/users\/2"}],"replies":[{"embeddable":true,"href":"https:\/\/elterritorialweb.com.ar\/web\/wp-json\/wp\/v2\/comments?post=65483"}],"version-history":[{"count":1,"href":"https:\/\/elterritorialweb.com.ar\/web\/wp-json\/wp\/v2\/posts\/65483\/revisions"}],"predecessor-version":[{"id":65486,"href":"https:\/\/elterritorialweb.com.ar\/web\/wp-json\/wp\/v2\/posts\/65483\/revisions\/65486"}],"wp:featuredmedia":[{"embeddable":true,"href":"https:\/\/elterritorialweb.com.ar\/web\/wp-json\/wp\/v2\/media\/65485"}],"wp:attachment":[{"href":"https:\/\/elterritorialweb.com.ar\/web\/wp-json\/wp\/v2\/media?parent=65483"}],"wp:term":[{"taxonomy":"category","embeddable":true,"href":"https:\/\/elterritorialweb.com.ar\/web\/wp-json\/wp\/v2\/categories?post=65483"},{"taxonomy":"post_tag","embeddable":true,"href":"https:\/\/elterritorialweb.com.ar\/web\/wp-json\/wp\/v2\/tags?post=65483"}],"curies":[{"name":"wp","href":"https:\/\/api.w.org\/{rel}","templated":true}]}}