{"id":65487,"date":"2024-04-24T13:02:32","date_gmt":"2024-04-24T13:02:32","guid":{"rendered":"https:\/\/elterritorialweb.com.ar\/web\/?p=65487"},"modified":"2024-04-24T13:02:35","modified_gmt":"2024-04-24T13:02:35","slug":"santiago-del-estero-sera-sede-de-la-final-de-la-copa-de-la-liga","status":"publish","type":"post","link":"https:\/\/elterritorialweb.com.ar\/web\/santiago-del-estero-sera-sede-de-la-final-de-la-copa-de-la-liga\/","title":{"rendered":"SANTIAGO DEL ESTERO SER\u00c1 SEDE DE LA FINAL DE LA COPA DE LA LIGA"},"content":{"rendered":"\n<p>Lo que comenz\u00f3 como un rumor termin\u00f3 siendo confirmado por la p\u00e1gina oficial de la\u00a0<strong>Liga Profesional<\/strong>. Nuevamente el\u00a0<strong>Estadio \u00danico \u201cMadre de Ciudades\u201d de Santiago del Estero<\/strong>\u00a0es el escenario elegido para albergar el partido que coronar\u00e1 al\u00a0<strong>primer campe\u00f3n<\/strong>\u00a0de la temporada. La cita ser\u00e1 el\u00a0<strong>domingo 5 de mayo desde las 15:30 horas<\/strong>.<\/p>\n\n\n\n<p>Seg\u00fan explicaron \u201cel&nbsp;<strong>Estadio Madre de Ciudades&nbsp;<\/strong>re\u00fane y cumple con la mayor cantidad de objetivos que la Liga busca con este formato de competencia:<strong>&nbsp;Federalizaci\u00f3n del Futbol, utilizaci\u00f3n de estadios que re\u00fanan las mejores cualidades en cuanto a capacidad, campo de juego, modernidad en cuanto a Iluminaci\u00f3n, sonido, accesos y comodidades para todos los simpatizantes<\/strong>, entre otras\u201d.<\/p>\n\n\n\n<p>Cabe destacar que las semifinales se jugar\u00e1n el&nbsp;<strong>domingo 28 en el Estadio \u00danico de San Nicol\u00e1s entre Argentinos Juniors y V\u00e9lez Sarsfield;<\/strong>&nbsp;y el&nbsp;<strong>martes 30 en el Estadio Mario Alberto Kempes entre Boca Juniors y Estudiantes de La Plata.<\/strong><\/p>\n","protected":false},"excerpt":{"rendered":"<p>La Liga Profesional de F\u00fatbol confirm\u00f3 el d\u00eda, horario y sede para la final de la Copa de la Liga 2024, que tiene entre sus candidatos a Boca Juniors, Estudiantes de La Plata, Argentinos Juniors y V\u00e9lez Sarsfield.<\/p>\n","protected":false},"author":2,"featured_media":65488,"comment_status":"open","ping_status":"open","sticky":false,"template":"","format":"standard","meta":{"om_disable_all_campaigns":false,"_monsterinsights_skip_tracking":false,"_monsterinsights_sitenote_active":false,"_monsterinsights_sitenote_note":"","_monsterinsights_sitenote_category":0,"_uf_show_specific_survey":0,"_uf_disable_surveys":false,"jetpack_post_was_ever_published":false,"_jetpack_newsletter_access":"","_jetpack_dont_email_post_to_subs":false,"_jetpack_newsletter_tier_id":0,"_jetpack_memberships_contains_paywalled_content":false,"_jetpack_memberships_contains_paid_content":false,"footnotes":"","jetpack_publicize_message":"","jetpack_publicize_feature_enabled":true,"jetpack_social_post_already_shared":false,"jetpack_social_options":{"image_generator_settings":{"template":"highway","default_image_id":0,"font":"","enabled":false},"version":2}},"categories":[6,4],"tags":[],"class_list":["post-65487","post","type-post","status-publish","format-standard","has-post-thumbnail","hentry","category-deportes","category-destacadas"],"aioseo_notices":[],"views":8,"jetpack_publicize_connections":[],"jetpack_featured_media_url":"https:\/\/i0.wp.com\/elterritorialweb.com.ar\/web\/wp-content\/uploads\/2024\/04\/estadio-unico-1-e1684586746413.jpg?fit=1080%2C521&ssl=1","jetpack_sharing_enabled":true,"_links":{"self":[{"href":"https:\/\/elterritorialweb.com.ar\/web\/wp-json\/wp\/v2\/posts\/65487","targetHints":{"allow":["GET"]}}],"collection":[{"href":"https:\/\/elterritorialweb.com.ar\/web\/wp-json\/wp\/v2\/posts"}],"about":[{"href":"https:\/\/elterritorialweb.com.ar\/web\/wp-json\/wp\/v2\/types\/post"}],"author":[{"embeddable":true,"href":"https:\/\/elterritorialweb.com.ar\/web\/wp-json\/wp\/v2\/users\/2"}],"replies":[{"embeddable":true,"href":"https:\/\/elterritorialweb.com.ar\/web\/wp-json\/wp\/v2\/comments?post=65487"}],"version-history":[{"count":1,"href":"https:\/\/elterritorialweb.com.ar\/web\/wp-json\/wp\/v2\/posts\/65487\/revisions"}],"predecessor-version":[{"id":65489,"href":"https:\/\/elterritorialweb.com.ar\/web\/wp-json\/wp\/v2\/posts\/65487\/revisions\/65489"}],"wp:featuredmedia":[{"embeddable":true,"href":"https:\/\/elterritorialweb.com.ar\/web\/wp-json\/wp\/v2\/media\/65488"}],"wp:attachment":[{"href":"https:\/\/elterritorialweb.com.ar\/web\/wp-json\/wp\/v2\/media?parent=65487"}],"wp:term":[{"taxonomy":"category","embeddable":true,"href":"https:\/\/elterritorialweb.com.ar\/web\/wp-json\/wp\/v2\/categories?post=65487"},{"taxonomy":"post_tag","embeddable":true,"href":"https:\/\/elterritorialweb.com.ar\/web\/wp-json\/wp\/v2\/tags?post=65487"}],"curies":[{"name":"wp","href":"https:\/\/api.w.org\/{rel}","templated":true}]}}