{"id":65594,"date":"2024-04-27T15:12:06","date_gmt":"2024-04-27T15:12:06","guid":{"rendered":"https:\/\/elterritorialweb.com.ar\/web\/?p=65594"},"modified":"2024-04-27T15:12:24","modified_gmt":"2024-04-27T15:12:24","slug":"en-vivo-el-gobernador-zamora-pronuncia-su-mensaje-anual-en-la-legislatura","status":"publish","type":"post","link":"https:\/\/elterritorialweb.com.ar\/web\/en-vivo-el-gobernador-zamora-pronuncia-su-mensaje-anual-en-la-legislatura\/","title":{"rendered":"EN VIVO: EL GOBERNADOR ZAMORA PRONUNCIA SU MENSAJE ANUAL EN  LA LEGISLATURA"},"content":{"rendered":"\n<p>Cumpliendo con las disposiciones establecidas en el\u00a0<strong>Articulo 160\u00b0, Inciso 7\u00b0<\/strong>\u00a0de la<strong>\u00a0Constituci\u00f3n Provincial<\/strong>, el gobernador de Santiago del Estero,\u00a0<strong>Dr. Gerardo Zamora<\/strong>, brinda su mensaje anual ante la\u00a0<strong>Legislatura<\/strong>\u00a0este s\u00e1bado<strong>\u00a027 de abril<\/strong>, fecha en la cu\u00e1l se conmemora un nuevo aniversario de la\u00a0<strong>Autonom\u00eda Provincial<\/strong>.<\/p>\n\n\n\n<figure class=\"wp-block-embed is-type-video is-provider-youtube wp-block-embed-youtube wp-embed-aspect-16-9 wp-has-aspect-ratio\"><div class=\"wp-block-embed__wrapper\">\n<iframe title=\"\ud83d\udd34 #EnVivo | Mensaje Anual del Gobernador Gerardo Zamora \ud83d\udcf9\" width=\"640\" height=\"360\" data-src=\"https:\/\/www.youtube.com\/embed\/CMtPza_oQQk?feature=oembed\" frameborder=\"0\" allow=\"accelerometer; autoplay; clipboard-write; encrypted-media; gyroscope; picture-in-picture; web-share\" referrerpolicy=\"strict-origin-when-cross-origin\" allowfullscreen src=\"data:image\/svg+xml;base64,PHN2ZyB3aWR0aD0iMSIgaGVpZ2h0PSIxIiB4bWxucz0iaHR0cDovL3d3dy53My5vcmcvMjAwMC9zdmciPjwvc3ZnPg==\" class=\"lazyload\" data-load-mode=\"1\"><\/iframe>\n<\/div><\/figure>\n","protected":false},"excerpt":{"rendered":"<p>El mandatario provincial repasar\u00e1 toda su gesti\u00f3n del \u00faltimo a\u00f1o y abordar\u00e1 temas referidos a las distintas \u00e1reas de gobierno.<\/p>\n","protected":false},"author":2,"featured_media":65595,"comment_status":"open","ping_status":"open","sticky":false,"template":"","format":"standard","meta":{"om_disable_all_campaigns":false,"_monsterinsights_skip_tracking":false,"_monsterinsights_sitenote_active":false,"_monsterinsights_sitenote_note":"","_monsterinsights_sitenote_category":0,"_uf_show_specific_survey":0,"_uf_disable_surveys":false,"jetpack_post_was_ever_published":false,"_jetpack_newsletter_access":"","_jetpack_dont_email_post_to_subs":false,"_jetpack_newsletter_tier_id":0,"_jetpack_memberships_contains_paywalled_content":false,"_jetpack_memberships_contains_paid_content":false,"footnotes":"","jetpack_publicize_message":"","jetpack_publicize_feature_enabled":true,"jetpack_social_post_already_shared":false,"jetpack_social_options":{"image_generator_settings":{"template":"highway","default_image_id":0,"font":"","enabled":false},"version":2}},"categories":[4,21],"tags":[59,49],"class_list":["post-65594","post","type-post","status-publish","format-standard","has-post-thumbnail","hentry","category-destacadas","category-locales","tag-gerardo-zamora","tag-gobierno-de-santiago-del-estero"],"aioseo_notices":[],"views":25,"jetpack_publicize_connections":[],"jetpack_featured_media_url":"https:\/\/i0.wp.com\/elterritorialweb.com.ar\/web\/wp-content\/uploads\/2024\/04\/zamora-1-768x432-1.jpeg?fit=768%2C432&ssl=1","jetpack_sharing_enabled":true,"_links":{"self":[{"href":"https:\/\/elterritorialweb.com.ar\/web\/wp-json\/wp\/v2\/posts\/65594","targetHints":{"allow":["GET"]}}],"collection":[{"href":"https:\/\/elterritorialweb.com.ar\/web\/wp-json\/wp\/v2\/posts"}],"about":[{"href":"https:\/\/elterritorialweb.com.ar\/web\/wp-json\/wp\/v2\/types\/post"}],"author":[{"embeddable":true,"href":"https:\/\/elterritorialweb.com.ar\/web\/wp-json\/wp\/v2\/users\/2"}],"replies":[{"embeddable":true,"href":"https:\/\/elterritorialweb.com.ar\/web\/wp-json\/wp\/v2\/comments?post=65594"}],"version-history":[{"count":1,"href":"https:\/\/elterritorialweb.com.ar\/web\/wp-json\/wp\/v2\/posts\/65594\/revisions"}],"predecessor-version":[{"id":65596,"href":"https:\/\/elterritorialweb.com.ar\/web\/wp-json\/wp\/v2\/posts\/65594\/revisions\/65596"}],"wp:featuredmedia":[{"embeddable":true,"href":"https:\/\/elterritorialweb.com.ar\/web\/wp-json\/wp\/v2\/media\/65595"}],"wp:attachment":[{"href":"https:\/\/elterritorialweb.com.ar\/web\/wp-json\/wp\/v2\/media?parent=65594"}],"wp:term":[{"taxonomy":"category","embeddable":true,"href":"https:\/\/elterritorialweb.com.ar\/web\/wp-json\/wp\/v2\/categories?post=65594"},{"taxonomy":"post_tag","embeddable":true,"href":"https:\/\/elterritorialweb.com.ar\/web\/wp-json\/wp\/v2\/tags?post=65594"}],"curies":[{"name":"wp","href":"https:\/\/api.w.org\/{rel}","templated":true}]}}