{"id":65597,"date":"2024-04-27T15:21:34","date_gmt":"2024-04-27T15:21:34","guid":{"rendered":"https:\/\/elterritorialweb.com.ar\/web\/?p=65597"},"modified":"2024-04-27T15:21:37","modified_gmt":"2024-04-27T15:21:37","slug":"zamora-hemos-invertido-en-todos-los-niveles-educativos","status":"publish","type":"post","link":"https:\/\/elterritorialweb.com.ar\/web\/zamora-hemos-invertido-en-todos-los-niveles-educativos\/","title":{"rendered":"ZAMORA: \u00abHEMOS INVERTIDO EN TODOS LOS NIVELES EDUCATIVOS\u00bb"},"content":{"rendered":"\n<p>Con un enfoque centrado en la mejora de la infraestructura escolar y el fortalecimiento de los recursos educativos, el<strong>&nbsp;mandatario provincial<\/strong>&nbsp;detall\u00f3 una serie de inversiones y programas destinados a elevar el nivel educativo en&nbsp;<strong>Santiago del Estero.<\/strong><\/p>\n\n\n\n<p><strong>Inversiones en infraestructura escolar:<\/strong><\/p>\n\n\n\n<p>Seg\u00fan las palabras del gobernador Zamora, expres\u00f3:&nbsp;<strong>\u201cDesde mi anterior discurso anual, en abril del 2023, hasta la fecha, hemos invertido en todos los niveles. Inauguramos 27 edificios escolares nuevos, dotados de excelente equipamiento, sumado a 234 establecimientos intervenidos con distintas refacciones y ampliaciones\u201d.<\/strong><\/p>\n\n\n\n<p><strong>Apertura de nuevas obras:<\/strong><\/p>\n\n\n\n<p>El mandatario, tambi\u00e9n&nbsp;<strong>resalt\u00f3 la importancia de seguir habilitando nuevas obras educativas<\/strong>, mencionando espec\u00edficamente la inauguraci\u00f3n de la&nbsp;<strong>Escuela Baltasar Olaechea y Alcorta<\/strong>&nbsp;y su jard\u00edn anexo en la localidad de<strong>&nbsp;San Lorenzo, el Centro de Educaci\u00f3n Integral de Los Telares, la Escuela 384 y jard\u00edn anexo de Santa Luc\u00eda, y el Colegio Secundario Leopoldo Lugones en Ojo de Agua<\/strong>.<\/p>\n\n\n\n<p><strong>Impulso a la conectividad y tecnolog\u00eda:<\/strong><\/p>\n\n\n\n<p>Tambi\u00e9n hizo hincapi\u00e9 en los avances tecnol\u00f3gicos en el \u00e1mbito educativo, afirmando que&nbsp;<strong>\u201cseguimos avanzando en la conexi\u00f3n a Internet de establecimientos en el interior, implementando sistemas inform\u00e1ticos de tramitaci\u00f3n docente, ampliando dispositivos de acompa\u00f1amiento pedag\u00f3gico, nuevos dise\u00f1os curriculares y ofertas educativas.\u201d<\/strong><\/p>\n\n\n\n<p><strong>Programas educativos destacados:<\/strong><\/p>\n\n\n\n<p>Zamora destac\u00f3 la continuidad de programas provinciales como el \u201cMetas Digital\u201d, en tal sentido, expres\u00f3<strong>: \u201cOtro a\u00f1o m\u00e1s realizamos la entrega de casi 14.000 tablets a los alumnos que cursan el \u00faltimo a\u00f1o de la educaci\u00f3n secundaria, la Escuela Escala Metas para alumnos de la ruralidad, las secundarias rurales mediadas por tecnolog\u00edas en al menos 10 sede<\/strong>s, las aulas m\u00f3viles para capacitaci\u00f3n de oficios y los programas como coros y orquestas, centros de estudiantes, educaci\u00f3n f\u00edsica, deporte y salud, educaci\u00f3n vial,&nbsp;<strong>programa Participar, convivencia escolar, Plantando Futuro, y por d\u00e9cimo segundo a\u00f1o consecutivo, el programa Conociendo Mi Provincia, entre otros<\/strong>\u201c.<\/p>\n\n\n\n<p><strong>Asistencia nutricional y formaci\u00f3n profesional:<\/strong><\/p>\n\n\n\n<p>El gobernador subray\u00f3 el compromiso del gobierno con la asistencia nutricional, mencionando que&nbsp;<strong>\u201cMantenemos con una fuerte inversi\u00f3n, ahora ya solo con fondos propios, el programa de asistencia nutricional, brindada por los comedores escolares, habi\u00e9ndose ampliado incluso desde mediados del a\u00f1o pasado a los estudiantes secundarios, alcanzando as\u00ed a 225.209 alumnos\u201d.<\/strong><\/p>\n\n\n\n<p><strong>Apoyo a la ciencia y tecnolog\u00eda:<\/strong><\/p>\n\n\n\n<p>En su discurso,&nbsp;<strong>Gerardo Zamora<\/strong>&nbsp;destac\u00f3 las acciones concretas en materia de ciencia y tecnolog\u00eda, afirmando que:&nbsp;<strong>\u201cSeguimos apostando desde el \u00e1rea de ciencia y tecnolog\u00eda con acciones concretas en materia de transferencia e innovaci\u00f3n tecnol\u00f3gica, indagaci\u00f3n escolar en ciencia y tecnolog\u00eda, fortalecimiento de cadenas productivas, activos para el desarrollo industrial, apoyo a empresas de base tecnol\u00f3gica\u201d.<\/strong><\/p>\n","protected":false},"excerpt":{"rendered":"<p>En su discurso anual, en el marco del D\u00eda de la Autonom\u00eda Provincial, el gobernador Gerardo Zamora resalt\u00f3 los logros alcanzados en el \u00e1mbito educativo desde su \u00faltima alocuci\u00f3n en abril de 2023.<\/p>\n","protected":false},"author":2,"featured_media":65598,"comment_status":"open","ping_status":"open","sticky":false,"template":"","format":"standard","meta":{"om_disable_all_campaigns":false,"_monsterinsights_skip_tracking":false,"_monsterinsights_sitenote_active":false,"_monsterinsights_sitenote_note":"","_monsterinsights_sitenote_category":0,"_uf_show_specific_survey":0,"_uf_disable_surveys":false,"jetpack_post_was_ever_published":false,"_jetpack_newsletter_access":"","_jetpack_dont_email_post_to_subs":false,"_jetpack_newsletter_tier_id":0,"_jetpack_memberships_contains_paywalled_content":false,"_jetpack_memberships_contains_paid_content":false,"footnotes":"","jetpack_publicize_message":"","jetpack_publicize_feature_enabled":true,"jetpack_social_post_already_shared":false,"jetpack_social_options":{"image_generator_settings":{"template":"highway","default_image_id":0,"font":"","enabled":false},"version":2}},"categories":[4,21],"tags":[59,49],"class_list":["post-65597","post","type-post","status-publish","format-standard","has-post-thumbnail","hentry","category-destacadas","category-locales","tag-gerardo-zamora","tag-gobierno-de-santiago-del-estero"],"aioseo_notices":[],"views":13,"jetpack_publicize_connections":[],"jetpack_featured_media_url":"https:\/\/i0.wp.com\/elterritorialweb.com.ar\/web\/wp-content\/uploads\/2024\/04\/Gerardo-Zamora-768x4322-1.jpg?fit=431%2C311&ssl=1","jetpack_sharing_enabled":true,"_links":{"self":[{"href":"https:\/\/elterritorialweb.com.ar\/web\/wp-json\/wp\/v2\/posts\/65597","targetHints":{"allow":["GET"]}}],"collection":[{"href":"https:\/\/elterritorialweb.com.ar\/web\/wp-json\/wp\/v2\/posts"}],"about":[{"href":"https:\/\/elterritorialweb.com.ar\/web\/wp-json\/wp\/v2\/types\/post"}],"author":[{"embeddable":true,"href":"https:\/\/elterritorialweb.com.ar\/web\/wp-json\/wp\/v2\/users\/2"}],"replies":[{"embeddable":true,"href":"https:\/\/elterritorialweb.com.ar\/web\/wp-json\/wp\/v2\/comments?post=65597"}],"version-history":[{"count":1,"href":"https:\/\/elterritorialweb.com.ar\/web\/wp-json\/wp\/v2\/posts\/65597\/revisions"}],"predecessor-version":[{"id":65599,"href":"https:\/\/elterritorialweb.com.ar\/web\/wp-json\/wp\/v2\/posts\/65597\/revisions\/65599"}],"wp:featuredmedia":[{"embeddable":true,"href":"https:\/\/elterritorialweb.com.ar\/web\/wp-json\/wp\/v2\/media\/65598"}],"wp:attachment":[{"href":"https:\/\/elterritorialweb.com.ar\/web\/wp-json\/wp\/v2\/media?parent=65597"}],"wp:term":[{"taxonomy":"category","embeddable":true,"href":"https:\/\/elterritorialweb.com.ar\/web\/wp-json\/wp\/v2\/categories?post=65597"},{"taxonomy":"post_tag","embeddable":true,"href":"https:\/\/elterritorialweb.com.ar\/web\/wp-json\/wp\/v2\/tags?post=65597"}],"curies":[{"name":"wp","href":"https:\/\/api.w.org\/{rel}","templated":true}]}}