{"id":65600,"date":"2024-04-27T16:16:31","date_gmt":"2024-04-27T16:16:31","guid":{"rendered":"https:\/\/elterritorialweb.com.ar\/web\/?p=65600"},"modified":"2024-04-27T16:16:34","modified_gmt":"2024-04-27T16:16:34","slug":"zamora-anuncio-un-aumento-salarial-del-60-y-dos-bonos-para-la-administracion-publica","status":"publish","type":"post","link":"https:\/\/elterritorialweb.com.ar\/web\/zamora-anuncio-un-aumento-salarial-del-60-y-dos-bonos-para-la-administracion-publica\/","title":{"rendered":"ZAMORA ANUNCI\u00d3 UN AUMENTO SALARIAL DEL 60% Y DOS BONOS PARA LA ADMINISTRACI\u00d3N P\u00daBLICA"},"content":{"rendered":"\n<p>\u201cA partir de mayo, otorgamos un incremento salarial a la administraci\u00f3n p\u00fablica del<strong>&nbsp;60%<\/strong>&nbsp;en el b\u00e1sico, y la elevaci\u00f3n de la garant\u00eda de piso salarial, que pasar\u00e1 de&nbsp;<strong>$280.000 a $450.000<\/strong>\u201d, dijo.<\/p>\n\n\n\n<p>Adem\u00e1s, \u201c<strong>igual incremento salarial (60%) en el b\u00e1sico, a partir de mayo para el sector docente, y garant\u00eda de piso salarial de $450.000 por cargo y hasta dos<\/strong>, a partir del cargo testigo de&nbsp;<strong>maestro de grado sin antig\u00fcedad y sus equivalentes<\/strong>\u201c.<\/p>\n\n\n\n<p>Establecer como fecha de pago del&nbsp;<strong>Sueldo Anual Complementario,<\/strong>&nbsp;el&nbsp;<strong>18 de junio<\/strong>, sin descuentos (excepto los de ley).<\/p>\n\n\n\n<p>Por otra parte, anunci\u00f3 el pago de un<strong>&nbsp;bono aguinaldo<\/strong>, por \u00fanica vez, de<strong>&nbsp;car\u00e1cter no bonificable y remunerativo<\/strong>, en fecha&nbsp;<strong>23 de julio de $300.000,&nbsp;<\/strong>sin ning\u00fan tipo de descuento.<\/p>\n\n\n\n<p>Adem\u00e1s del&nbsp;<strong>bono de julio<\/strong>, este pr\u00f3ximo martes&nbsp;<strong>30 de abril<\/strong>, previo al&nbsp;<strong>d\u00eda del trabajador<\/strong>, se har\u00e1 efectivo el pago de un bono de<strong>&nbsp;$170.000<\/strong>,&nbsp;<strong>pagados con fondos provinciales<\/strong>, para que lo perciban tambi\u00e9n ese d\u00eda tambi\u00e9n, la&nbsp;<strong>n\u00f3mina de empleados municipales<\/strong>&nbsp;de toda la provincia.<\/p>\n\n\n\n<p>Por \u00faltimo, el&nbsp;<strong>gobernador&nbsp;<\/strong>dijo que en los pr\u00f3ximos d\u00edas a trav\u00e9s de los&nbsp;<strong>Ministerios&nbsp;<\/strong>correspondientes, se har\u00e1n anuncios sobre mejoras en los&nbsp;<strong>programas sociales y tarjetas alimentarias provinciales.<\/strong><\/p>\n","protected":false},"excerpt":{"rendered":"<p>Continuando con el discurso anual, el gobernador Gerardo Zamora realiz\u00f3 importantes anuncios para la administraci\u00f3n p\u00fablica provincial y el sector docente.<\/p>\n","protected":false},"author":2,"featured_media":65601,"comment_status":"open","ping_status":"open","sticky":false,"template":"","format":"standard","meta":{"om_disable_all_campaigns":false,"_monsterinsights_skip_tracking":false,"_monsterinsights_sitenote_active":false,"_monsterinsights_sitenote_note":"","_monsterinsights_sitenote_category":0,"_uf_show_specific_survey":0,"_uf_disable_surveys":false,"jetpack_post_was_ever_published":false,"_jetpack_newsletter_access":"","_jetpack_dont_email_post_to_subs":false,"_jetpack_newsletter_tier_id":0,"_jetpack_memberships_contains_paywalled_content":false,"_jetpack_memberships_contains_paid_content":false,"footnotes":"","jetpack_publicize_message":"","jetpack_publicize_feature_enabled":true,"jetpack_social_post_already_shared":false,"jetpack_social_options":{"image_generator_settings":{"template":"highway","default_image_id":0,"font":"","enabled":false},"version":2}},"categories":[4,21],"tags":[59,49],"class_list":["post-65600","post","type-post","status-publish","format-standard","has-post-thumbnail","hentry","category-destacadas","category-locales","tag-gerardo-zamora","tag-gobierno-de-santiago-del-estero"],"aioseo_notices":[],"views":18,"jetpack_publicize_connections":[],"jetpack_featured_media_url":"https:\/\/i0.wp.com\/elterritorialweb.com.ar\/web\/wp-content\/uploads\/2024\/04\/WhatsApp-Image-2024-04-27-at-09.35.57-12.jpeg?fit=726%2C543&ssl=1","jetpack_sharing_enabled":true,"_links":{"self":[{"href":"https:\/\/elterritorialweb.com.ar\/web\/wp-json\/wp\/v2\/posts\/65600","targetHints":{"allow":["GET"]}}],"collection":[{"href":"https:\/\/elterritorialweb.com.ar\/web\/wp-json\/wp\/v2\/posts"}],"about":[{"href":"https:\/\/elterritorialweb.com.ar\/web\/wp-json\/wp\/v2\/types\/post"}],"author":[{"embeddable":true,"href":"https:\/\/elterritorialweb.com.ar\/web\/wp-json\/wp\/v2\/users\/2"}],"replies":[{"embeddable":true,"href":"https:\/\/elterritorialweb.com.ar\/web\/wp-json\/wp\/v2\/comments?post=65600"}],"version-history":[{"count":1,"href":"https:\/\/elterritorialweb.com.ar\/web\/wp-json\/wp\/v2\/posts\/65600\/revisions"}],"predecessor-version":[{"id":65602,"href":"https:\/\/elterritorialweb.com.ar\/web\/wp-json\/wp\/v2\/posts\/65600\/revisions\/65602"}],"wp:featuredmedia":[{"embeddable":true,"href":"https:\/\/elterritorialweb.com.ar\/web\/wp-json\/wp\/v2\/media\/65601"}],"wp:attachment":[{"href":"https:\/\/elterritorialweb.com.ar\/web\/wp-json\/wp\/v2\/media?parent=65600"}],"wp:term":[{"taxonomy":"category","embeddable":true,"href":"https:\/\/elterritorialweb.com.ar\/web\/wp-json\/wp\/v2\/categories?post=65600"},{"taxonomy":"post_tag","embeddable":true,"href":"https:\/\/elterritorialweb.com.ar\/web\/wp-json\/wp\/v2\/tags?post=65600"}],"curies":[{"name":"wp","href":"https:\/\/api.w.org\/{rel}","templated":true}]}}