{"id":65604,"date":"2024-04-27T23:27:28","date_gmt":"2024-04-27T23:27:28","guid":{"rendered":"https:\/\/elterritorialweb.com.ar\/web\/?p=65604"},"modified":"2024-04-27T23:27:31","modified_gmt":"2024-04-27T23:27:31","slug":"mas-de-100-atletas-participaron-del-triatlon-half-2024-que-se-disputo-en-las-termas","status":"publish","type":"post","link":"https:\/\/elterritorialweb.com.ar\/web\/mas-de-100-atletas-participaron-del-triatlon-half-2024-que-se-disputo-en-las-termas\/","title":{"rendered":"M\u00c1S DE 100 ATLETAS PARTICIPARON DEL TRIATL\u00d3N HALF 2024 QUE SE DISPUT\u00d3 EN LAS TERMAS"},"content":{"rendered":"\n<p>En la oportunidad, el ganador de la carrera general Half fue el bonaerense Mateo Bustos Pecaut; mientras que en categor\u00eda damas de la misma modalidad, la sanjuanina Claudia Riveros logr\u00f3 el mejor tiempo y obtuvo el primer puesto.<br>En tanto, la triunfadora en divisi\u00f3n Standard Damas fue la tucumana Luciana Mercado y en masculino, el tucumano Sebasti\u00e1n Maldonado.<br>Los atletas compitieron en las siguientes distancias: Para la\u00a0modalidad Half 1.900 m de nataci\u00f3n y para la standard 1.500 m; 90 km ciclismo (Half) y 40 km (Standard) y 21 km (Half) y 10 km (Standard) carrera a pie.<\/p>\n\n\n\n<figure class=\"wp-block-image size-large\"><a href=\"https:\/\/i0.wp.com\/elterritorialweb.com.ar\/web\/wp-content\/uploads\/2024\/04\/IMG-20240427-WA0075.jpg\"><img data-recalc-dims=\"1\" decoding=\"async\" width=\"640\" height=\"427\" data-src=\"https:\/\/i0.wp.com\/elterritorialweb.com.ar\/web\/wp-content\/uploads\/2024\/04\/IMG-20240427-WA0075.jpg?resize=640%2C427\" alt=\"\" class=\"wp-image-65606 lazyload\" data-srcset=\"https:\/\/i0.wp.com\/elterritorialweb.com.ar\/web\/wp-content\/uploads\/2024\/04\/IMG-20240427-WA0075.jpg?resize=1024%2C683&amp;ssl=1 1024w, https:\/\/i0.wp.com\/elterritorialweb.com.ar\/web\/wp-content\/uploads\/2024\/04\/IMG-20240427-WA0075.jpg?resize=300%2C200&amp;ssl=1 300w, https:\/\/i0.wp.com\/elterritorialweb.com.ar\/web\/wp-content\/uploads\/2024\/04\/IMG-20240427-WA0075.jpg?resize=768%2C512&amp;ssl=1 768w, https:\/\/i0.wp.com\/elterritorialweb.com.ar\/web\/wp-content\/uploads\/2024\/04\/IMG-20240427-WA0075.jpg?resize=1536%2C1024&amp;ssl=1 1536w, https:\/\/i0.wp.com\/elterritorialweb.com.ar\/web\/wp-content\/uploads\/2024\/04\/IMG-20240427-WA0075.jpg?w=1599&amp;ssl=1 1599w, https:\/\/i0.wp.com\/elterritorialweb.com.ar\/web\/wp-content\/uploads\/2024\/04\/IMG-20240427-WA0075.jpg?w=1280 1280w\" data-sizes=\"(max-width: 640px) 100vw, 640px\" src=\"data:image\/svg+xml;base64,PHN2ZyB3aWR0aD0iMSIgaGVpZ2h0PSIxIiB4bWxucz0iaHR0cDovL3d3dy53My5vcmcvMjAwMC9zdmciPjwvc3ZnPg==\" style=\"--smush-placeholder-width: 640px; --smush-placeholder-aspect-ratio: 640\/427;\" \/><\/a><\/figure>\n\n\n\n<p>En este marco, Yolmari V\u00e1zquez, responsable de la organizaci\u00f3n del triatl\u00f3n, agradeci\u00f3 al Gobierno de la provincia por el apoyo y acompa\u00f1amiento para la realizaci\u00f3n de esta competencia de alto rendimiento.<br>El evento deportivo congreg\u00f3 a triatletas destacados de las provincias de\u00a0Chubut, Corrientes, Santa Fe, C\u00f3rdoba, Buenos Aires, San Juan, Catamarca, Jujuy, Salta, Tucum\u00e1n y Santiago del Estero.<\/p>\n","protected":false},"excerpt":{"rendered":"<p>Un total de 120 deportistas, representantes de once provincias, participaron este s\u00e1bado del Triatl\u00f3n en modalidad Half y Standard 2024, que se disput\u00f3 en la ecoplaya, el circuito y alrededores del Aut\u00f3dromo Internacional de la ciudad de Las Termas de R\u00edo Hondo.<\/p>\n","protected":false},"author":2,"featured_media":65605,"comment_status":"open","ping_status":"open","sticky":false,"template":"","format":"standard","meta":{"om_disable_all_campaigns":false,"_monsterinsights_skip_tracking":false,"_monsterinsights_sitenote_active":false,"_monsterinsights_sitenote_note":"","_monsterinsights_sitenote_category":0,"_uf_show_specific_survey":0,"_uf_disable_surveys":false,"jetpack_post_was_ever_published":false,"_jetpack_newsletter_access":"","_jetpack_dont_email_post_to_subs":false,"_jetpack_newsletter_tier_id":0,"_jetpack_memberships_contains_paywalled_content":false,"_jetpack_memberships_contains_paid_content":false,"footnotes":"","jetpack_publicize_message":"","jetpack_publicize_feature_enabled":true,"jetpack_social_post_already_shared":false,"jetpack_social_options":{"image_generator_settings":{"template":"highway","default_image_id":0,"font":"","enabled":false},"version":2}},"categories":[6,4],"tags":[],"class_list":["post-65604","post","type-post","status-publish","format-standard","has-post-thumbnail","hentry","category-deportes","category-destacadas"],"aioseo_notices":[],"views":160,"jetpack_publicize_connections":[],"jetpack_featured_media_url":"https:\/\/i0.wp.com\/elterritorialweb.com.ar\/web\/wp-content\/uploads\/2024\/04\/IMG-20240427-WA0073.jpg?fit=1599%2C1066&ssl=1","jetpack_sharing_enabled":true,"_links":{"self":[{"href":"https:\/\/elterritorialweb.com.ar\/web\/wp-json\/wp\/v2\/posts\/65604","targetHints":{"allow":["GET"]}}],"collection":[{"href":"https:\/\/elterritorialweb.com.ar\/web\/wp-json\/wp\/v2\/posts"}],"about":[{"href":"https:\/\/elterritorialweb.com.ar\/web\/wp-json\/wp\/v2\/types\/post"}],"author":[{"embeddable":true,"href":"https:\/\/elterritorialweb.com.ar\/web\/wp-json\/wp\/v2\/users\/2"}],"replies":[{"embeddable":true,"href":"https:\/\/elterritorialweb.com.ar\/web\/wp-json\/wp\/v2\/comments?post=65604"}],"version-history":[{"count":1,"href":"https:\/\/elterritorialweb.com.ar\/web\/wp-json\/wp\/v2\/posts\/65604\/revisions"}],"predecessor-version":[{"id":65607,"href":"https:\/\/elterritorialweb.com.ar\/web\/wp-json\/wp\/v2\/posts\/65604\/revisions\/65607"}],"wp:featuredmedia":[{"embeddable":true,"href":"https:\/\/elterritorialweb.com.ar\/web\/wp-json\/wp\/v2\/media\/65605"}],"wp:attachment":[{"href":"https:\/\/elterritorialweb.com.ar\/web\/wp-json\/wp\/v2\/media?parent=65604"}],"wp:term":[{"taxonomy":"category","embeddable":true,"href":"https:\/\/elterritorialweb.com.ar\/web\/wp-json\/wp\/v2\/categories?post=65604"},{"taxonomy":"post_tag","embeddable":true,"href":"https:\/\/elterritorialweb.com.ar\/web\/wp-json\/wp\/v2\/tags?post=65604"}],"curies":[{"name":"wp","href":"https:\/\/api.w.org\/{rel}","templated":true}]}}