{"id":66704,"date":"2024-06-06T00:16:19","date_gmt":"2024-06-06T00:16:19","guid":{"rendered":"http:\/\/elterritorialweb.com.ar\/web\/?p=66704"},"modified":"2024-06-06T00:16:22","modified_gmt":"2024-06-06T00:16:22","slug":"nediani-destaco-las-politicas-de-cuidado-ambiental-promovidas-desde-su-gestion","status":"publish","type":"post","link":"https:\/\/elterritorialweb.com.ar\/web\/nediani-destaco-las-politicas-de-cuidado-ambiental-promovidas-desde-su-gestion\/","title":{"rendered":"NEDIANI DESTAC\u00d3 LAS POL\u00cdTICAS DE CUIDADO AMBIENTAL PROMOVIDAS DESDE SU GESTI\u00d3N"},"content":{"rendered":"\n<p>En este sentido, se lanz\u00f3 la campa\u00f1a \u201cEco Punto\u201d desde la Plaza Belgrano, con el objetivo de habilitar un espacio de reciclaje y reutilizaci\u00f3n en un lugar estrat\u00e9gico de la ciudad para que todos los vecinos se acerquen y colaboren con el cuidado del ambiente.<br>Asimismo, el intendente Nediani destac\u00f3 la importancia de la Campa\u00f1a de Reforestaci\u00f3n se planea la colocaci\u00f3n de 20.000 ejemplares aut\u00f3ctonos en toda la ciudad de La Banda y resalt\u00f3 el avance que tuvo la misma sobre avenida 25 de Mayo con la plantaci\u00f3n de numerosas especies arb\u00f3reas de sombra.<br>De igual manera se present\u00f3 junto a la Secretar\u00eda de Econom\u00eda el proyecto \u00abEco Tributo\u00bb, el cual incentiva a los vecinos a entregar \u00e1rboles de 1,50mts como parte de pago de sus tasas e impuestos municipales, para su posterior plantaci\u00f3n en espacios verdes de la ciudad.<br>Todas estas obras se suman a las que viene realizando, como la reconversi\u00f3n lum\u00ednica, con la utilizaci\u00f3n de luces LED para reducir el impacto nocivo al medio ambiente.<br>Por \u00faltimo, Nediani indic\u00f3: \u201cPor todo el esfuerzo que se est\u00e1 haciendo desde el municipio les pido a los vecinos y vecinas de La Banda que sigamos trabajando juntos con conciencia para hacer de nuestra ciudad un lugar m\u00e1s limpio\u00bb.<br>Cabe destacar que las \u00e1reas que intervinieron fueron las Secretar\u00edas de Obras P\u00fablicas, Servicios P\u00fablicos, Econom\u00eda y la Subsecretaria de Seguridad y Ordenamiento Urbano.<\/p>\n","protected":false},"excerpt":{"rendered":"<p>El intendente de la ciudad de La Banda, Ing. Roger Nediani, en el marco del \u00abD\u00eda Mundial del Ambiente\u00bb destac\u00f3 el relanzamiento de la Campa\u00f1a de Reforestaci\u00f3n y el lanzamiento de las campa\u00f1as \u201cEco Punto\u201d y \u201cEco Tributo\u201d.<\/p>\n","protected":false},"author":2,"featured_media":66705,"comment_status":"open","ping_status":"open","sticky":false,"template":"","format":"standard","meta":{"om_disable_all_campaigns":false,"_monsterinsights_skip_tracking":false,"_monsterinsights_sitenote_active":false,"_monsterinsights_sitenote_note":"","_monsterinsights_sitenote_category":0,"_uf_show_specific_survey":0,"_uf_disable_surveys":false,"jetpack_post_was_ever_published":false,"_jetpack_newsletter_access":"","_jetpack_dont_email_post_to_subs":false,"_jetpack_newsletter_tier_id":0,"_jetpack_memberships_contains_paywalled_content":false,"_jetpack_memberships_contains_paid_content":false,"footnotes":"","jetpack_publicize_message":"","jetpack_publicize_feature_enabled":true,"jetpack_social_post_already_shared":false,"jetpack_social_options":{"image_generator_settings":{"template":"highway","default_image_id":0,"font":"","enabled":false},"version":2}},"categories":[9,4],"tags":[71,51],"class_list":["post-66704","post","type-post","status-publish","format-standard","has-post-thumbnail","hentry","category-banda","category-destacadas","tag-municipalidad-de-la-banda","tag-roger-nediani"],"aioseo_notices":[],"views":25,"jetpack_publicize_connections":[],"jetpack_featured_media_url":"https:\/\/i0.wp.com\/elterritorialweb.com.ar\/web\/wp-content\/uploads\/2024\/06\/NEDIANI-AMBIENTAL.jpeg?fit=1600%2C1057&ssl=1","jetpack_sharing_enabled":true,"_links":{"self":[{"href":"https:\/\/elterritorialweb.com.ar\/web\/wp-json\/wp\/v2\/posts\/66704","targetHints":{"allow":["GET"]}}],"collection":[{"href":"https:\/\/elterritorialweb.com.ar\/web\/wp-json\/wp\/v2\/posts"}],"about":[{"href":"https:\/\/elterritorialweb.com.ar\/web\/wp-json\/wp\/v2\/types\/post"}],"author":[{"embeddable":true,"href":"https:\/\/elterritorialweb.com.ar\/web\/wp-json\/wp\/v2\/users\/2"}],"replies":[{"embeddable":true,"href":"https:\/\/elterritorialweb.com.ar\/web\/wp-json\/wp\/v2\/comments?post=66704"}],"version-history":[{"count":1,"href":"https:\/\/elterritorialweb.com.ar\/web\/wp-json\/wp\/v2\/posts\/66704\/revisions"}],"predecessor-version":[{"id":66706,"href":"https:\/\/elterritorialweb.com.ar\/web\/wp-json\/wp\/v2\/posts\/66704\/revisions\/66706"}],"wp:featuredmedia":[{"embeddable":true,"href":"https:\/\/elterritorialweb.com.ar\/web\/wp-json\/wp\/v2\/media\/66705"}],"wp:attachment":[{"href":"https:\/\/elterritorialweb.com.ar\/web\/wp-json\/wp\/v2\/media?parent=66704"}],"wp:term":[{"taxonomy":"category","embeddable":true,"href":"https:\/\/elterritorialweb.com.ar\/web\/wp-json\/wp\/v2\/categories?post=66704"},{"taxonomy":"post_tag","embeddable":true,"href":"https:\/\/elterritorialweb.com.ar\/web\/wp-json\/wp\/v2\/tags?post=66704"}],"curies":[{"name":"wp","href":"https:\/\/api.w.org\/{rel}","templated":true}]}}