{"id":66710,"date":"2024-06-06T00:39:11","date_gmt":"2024-06-06T00:39:11","guid":{"rendered":"http:\/\/elterritorialweb.com.ar\/web\/?p=66710"},"modified":"2024-06-06T00:39:14","modified_gmt":"2024-06-06T00:39:14","slug":"el-bienestar-en-nuestras-aulas-nuevo-programa-del-iosep","status":"publish","type":"post","link":"https:\/\/elterritorialweb.com.ar\/web\/el-bienestar-en-nuestras-aulas-nuevo-programa-del-iosep\/","title":{"rendered":"EL BIENESTAR EN NUESTRAS AULAS, NUEVO PROGRAMA DEL IOSEP"},"content":{"rendered":"\n<p>En el primer encuentro las educadoras socioemocionales, Cdra. Graciela Muratore de Corona y Dra. Carmen Farf\u00e1n, disertaron sobre los temas \u2018Qu\u00e9 es la Inteligencia Emocional\u2019 y \u2018Bases anat\u00f3micas de las emociones\u2019.<\/p>\n\n\n\n<p>La educaci\u00f3n emocional es un proceso educativo, continuo, permanente, que pretende potenciar el desarrollo emocional como complemento indispensable del desarrollo cognitivo, constituyendo ambos los elementos esenciales del desarrollo de la personalidad integral. <\/p>\n\n\n\n<p>Para ello se propone el desarrollo de conocimientos y habilidades sobre las emociones con el objetivo de capacitar al infante para afrontar mejor los retos que se plantean en su vida cotidiana. Todo ello tiene como finalidad aumentar el bienestar personal y social. <\/p>\n\n\n\n<p>La educaci\u00f3n emocional es una estrategia hol\u00edstica de promoci\u00f3n de la salud que tiene por objetivo mejorar la calidad de vida de las personas a partir del desarrollo de habilidades emocionales aprendidas desde la primera infancia. <\/p>\n\n\n\n<p>Esta promueve adem\u00e1s un cambio educativo, integral, del ni\u00f1o y del joven, con la intenci\u00f3n de despertar lo creativo, tan importante y tan olvidado en la educaci\u00f3n formal de hoy.<\/p>\n\n\n\n<p>Los objetivos propuestos son: adquirir una adecuada conciencia de las emociones propias y ajenas, favorecer el desarrollo de estrategias para la gesti\u00f3n emocional, desarrollar el conocimiento de uno mismo y una autoestima positiva, ense\u00f1ar habilidades sociales para comunicarse de manera asertiva, incorporar el uso del vocabulario transformacional en la vida cotidiana y proporcionar estrategias para resolver conflictos de manera constructiva y \u00b4no violenta\u2019.<\/p>\n","protected":false},"excerpt":{"rendered":"<p>En el Colegio San Francisco, alumnos de segundo a\u00f1o del nivel secundario, comenzaron la primera de las ocho jornadas del programa El Bienestar en Nuestras Aulas que brinda la Academia de Formaci\u00f3n Profesional del IOSEP. <\/p>\n","protected":false},"author":2,"featured_media":66711,"comment_status":"open","ping_status":"open","sticky":false,"template":"","format":"standard","meta":{"om_disable_all_campaigns":false,"_monsterinsights_skip_tracking":false,"_monsterinsights_sitenote_active":false,"_monsterinsights_sitenote_note":"","_monsterinsights_sitenote_category":0,"_uf_show_specific_survey":0,"_uf_disable_surveys":false,"jetpack_post_was_ever_published":false,"_jetpack_newsletter_access":"","_jetpack_dont_email_post_to_subs":false,"_jetpack_newsletter_tier_id":0,"_jetpack_memberships_contains_paywalled_content":false,"_jetpack_memberships_contains_paid_content":false,"footnotes":"","jetpack_publicize_message":"","jetpack_publicize_feature_enabled":true,"jetpack_social_post_already_shared":false,"jetpack_social_options":{"image_generator_settings":{"template":"highway","default_image_id":0,"font":"","enabled":false},"version":2}},"categories":[19],"tags":[423],"class_list":["post-66710","post","type-post","status-publish","format-standard","has-post-thumbnail","hentry","category-educacion","tag-iosep"],"aioseo_notices":[],"views":14,"jetpack_publicize_connections":[],"jetpack_featured_media_url":"https:\/\/i0.wp.com\/elterritorialweb.com.ar\/web\/wp-content\/uploads\/2024\/06\/IOSEP.jpeg?fit=1600%2C1200&ssl=1","jetpack_sharing_enabled":true,"_links":{"self":[{"href":"https:\/\/elterritorialweb.com.ar\/web\/wp-json\/wp\/v2\/posts\/66710","targetHints":{"allow":["GET"]}}],"collection":[{"href":"https:\/\/elterritorialweb.com.ar\/web\/wp-json\/wp\/v2\/posts"}],"about":[{"href":"https:\/\/elterritorialweb.com.ar\/web\/wp-json\/wp\/v2\/types\/post"}],"author":[{"embeddable":true,"href":"https:\/\/elterritorialweb.com.ar\/web\/wp-json\/wp\/v2\/users\/2"}],"replies":[{"embeddable":true,"href":"https:\/\/elterritorialweb.com.ar\/web\/wp-json\/wp\/v2\/comments?post=66710"}],"version-history":[{"count":1,"href":"https:\/\/elterritorialweb.com.ar\/web\/wp-json\/wp\/v2\/posts\/66710\/revisions"}],"predecessor-version":[{"id":66712,"href":"https:\/\/elterritorialweb.com.ar\/web\/wp-json\/wp\/v2\/posts\/66710\/revisions\/66712"}],"wp:featuredmedia":[{"embeddable":true,"href":"https:\/\/elterritorialweb.com.ar\/web\/wp-json\/wp\/v2\/media\/66711"}],"wp:attachment":[{"href":"https:\/\/elterritorialweb.com.ar\/web\/wp-json\/wp\/v2\/media?parent=66710"}],"wp:term":[{"taxonomy":"category","embeddable":true,"href":"https:\/\/elterritorialweb.com.ar\/web\/wp-json\/wp\/v2\/categories?post=66710"},{"taxonomy":"post_tag","embeddable":true,"href":"https:\/\/elterritorialweb.com.ar\/web\/wp-json\/wp\/v2\/tags?post=66710"}],"curies":[{"name":"wp","href":"https:\/\/api.w.org\/{rel}","templated":true}]}}