{"id":66818,"date":"2024-06-09T03:39:21","date_gmt":"2024-06-09T03:39:21","guid":{"rendered":"http:\/\/elterritorialweb.com.ar\/web\/?p=66818"},"modified":"2024-06-09T03:39:24","modified_gmt":"2024-06-09T03:39:24","slug":"la-municipalidad-continua-con-el-ciclo-orientado-a-jovenes-para-optmizar-la-busqueda-de-empleo","status":"publish","type":"post","link":"https:\/\/elterritorialweb.com.ar\/web\/la-municipalidad-continua-con-el-ciclo-orientado-a-jovenes-para-optmizar-la-busqueda-de-empleo\/","title":{"rendered":"LA MUNICIPALIDAD CONTIN\u00daA CON EL CICLO ORIENTADO A J\u00d3VENES PARA OPTMIZAR LA BUSQUEDA DE EMPLEO"},"content":{"rendered":"\n<p>En el curso se abordaron tem\u00e1ticas como confecci\u00f3n de curr\u00edculum vitae, estructura y formato de un CV profesional, redacci\u00f3n efectiva de experiencias laborales y acad\u00e9micas, uso de herramientas digitales para la creaci\u00f3n de CV, entrevistas laborales, preparaci\u00f3n antes de la entrevista, t\u00e9cnicas para responder preguntas comunes, comunicaci\u00f3n verbal y no verbal, entre otras.<\/p>\n\n\n\n<p>A cargo del equipo t\u00e9cnico de la Direcci\u00f3n de Desarrollo Social y Comunitario y la Direcci\u00f3n de la Juventud, la pr\u00f3xima capacitaci\u00f3n gratuita se desarrollar\u00e1 en el Centro Vecinal del barrio Tradici\u00f3n ubicado en Col\u00f3n y Andr\u00e9s Chazarreta, el martes 11 de 16 a 19 horas.<\/p>\n\n\n\n<p>En tanto, el jueves 13 se realizar\u00e1 en el SUM del barrio Bel\u00e9n, de Ayacucho y Nazareth, de 10 a 13 horas.<\/p>\n","protected":false},"excerpt":{"rendered":"<p>En el CIC Campos Contreras, la Municipalidad de la Capital realiz\u00f3 el primer encuentro del programa \u00abBuscando Mi Primer Empleo\u00bb, destinado a j\u00f3venes de entre 18 y 35 a\u00f1os con el prop\u00f3sito de optimizar la b\u00fasqueda de empleo mediante la formaci\u00f3n en confecci\u00f3n de curr\u00edculum vitae y entrevistas laborales.<\/p>\n","protected":false},"author":2,"featured_media":66819,"comment_status":"open","ping_status":"open","sticky":false,"template":"","format":"standard","meta":{"om_disable_all_campaigns":false,"_monsterinsights_skip_tracking":false,"_monsterinsights_sitenote_active":false,"_monsterinsights_sitenote_note":"","_monsterinsights_sitenote_category":0,"_uf_show_specific_survey":0,"_uf_disable_surveys":false,"jetpack_post_was_ever_published":false,"_jetpack_newsletter_access":"","_jetpack_dont_email_post_to_subs":false,"_jetpack_newsletter_tier_id":0,"_jetpack_memberships_contains_paywalled_content":false,"_jetpack_memberships_contains_paid_content":false,"footnotes":"","jetpack_publicize_message":"","jetpack_publicize_feature_enabled":true,"jetpack_social_post_already_shared":false,"jetpack_social_options":{"image_generator_settings":{"template":"highway","default_image_id":0,"font":"","enabled":false},"version":2}},"categories":[21],"tags":[73],"class_list":["post-66818","post","type-post","status-publish","format-standard","has-post-thumbnail","hentry","category-locales","tag-municipalidad-de-la-capital"],"aioseo_notices":[],"views":13,"jetpack_publicize_connections":[],"jetpack_featured_media_url":"https:\/\/i0.wp.com\/elterritorialweb.com.ar\/web\/wp-content\/uploads\/2024\/06\/BUSCANDO-MI-PRIMER-EMPLEO.jpeg?fit=1600%2C900&ssl=1","jetpack_sharing_enabled":true,"_links":{"self":[{"href":"https:\/\/elterritorialweb.com.ar\/web\/wp-json\/wp\/v2\/posts\/66818","targetHints":{"allow":["GET"]}}],"collection":[{"href":"https:\/\/elterritorialweb.com.ar\/web\/wp-json\/wp\/v2\/posts"}],"about":[{"href":"https:\/\/elterritorialweb.com.ar\/web\/wp-json\/wp\/v2\/types\/post"}],"author":[{"embeddable":true,"href":"https:\/\/elterritorialweb.com.ar\/web\/wp-json\/wp\/v2\/users\/2"}],"replies":[{"embeddable":true,"href":"https:\/\/elterritorialweb.com.ar\/web\/wp-json\/wp\/v2\/comments?post=66818"}],"version-history":[{"count":1,"href":"https:\/\/elterritorialweb.com.ar\/web\/wp-json\/wp\/v2\/posts\/66818\/revisions"}],"predecessor-version":[{"id":66820,"href":"https:\/\/elterritorialweb.com.ar\/web\/wp-json\/wp\/v2\/posts\/66818\/revisions\/66820"}],"wp:featuredmedia":[{"embeddable":true,"href":"https:\/\/elterritorialweb.com.ar\/web\/wp-json\/wp\/v2\/media\/66819"}],"wp:attachment":[{"href":"https:\/\/elterritorialweb.com.ar\/web\/wp-json\/wp\/v2\/media?parent=66818"}],"wp:term":[{"taxonomy":"category","embeddable":true,"href":"https:\/\/elterritorialweb.com.ar\/web\/wp-json\/wp\/v2\/categories?post=66818"},{"taxonomy":"post_tag","embeddable":true,"href":"https:\/\/elterritorialweb.com.ar\/web\/wp-json\/wp\/v2\/tags?post=66818"}],"curies":[{"name":"wp","href":"https:\/\/api.w.org\/{rel}","templated":true}]}}