{"id":67007,"date":"2024-06-16T18:07:27","date_gmt":"2024-06-16T18:07:27","guid":{"rendered":"http:\/\/elterritorialweb.com.ar\/web\/?p=67007"},"modified":"2024-06-16T18:07:34","modified_gmt":"2024-06-16T18:07:34","slug":"empleados-del-municipio-bandeno-accederan-a-una-diplomatura-en-atencion-prehospitalaria","status":"publish","type":"post","link":"https:\/\/elterritorialweb.com.ar\/web\/empleados-del-municipio-bandeno-accederan-a-una-diplomatura-en-atencion-prehospitalaria\/","title":{"rendered":"EMPLEADOS DEL MUNICIPIO BANDE\u00d1O ACCEDER\u00c1N A UNA DIPLOMATURA EN ATENCI\u00d3N PREHOSPITALARIA"},"content":{"rendered":"\n<p>En la oportunidad, el intendente realiz\u00f3 la firma junto al secretario de Salud, Cesar Scabuzzo; la subsecretaria de Seguridad y Ordenamiento Urbano, Carolina Montenegro y la Lic. Vanina Bracamonte en representaci\u00f3n de la casa de altos estudios de la vecina provincia.<br>En este sentido, Nediani destac\u00f3 la importancia de esta iniciativa y expres\u00f3 su gratitud a los representantes de la Universidad de San Pablo, Vanina Bracamonte y Mart\u00edn Barqu\u00edn, as\u00ed como a las \u00e1reas municipales involucradas, ya que este acuerdo reafirma el compromiso de la gesti\u00f3n con la constante formaci\u00f3n y la educaci\u00f3n de su personal, especialmente aquellos que est\u00e1n en la primera l\u00ednea de contacto en situaciones de emergencia.<br>Asimismo, el jefe comunal explic\u00f3: \u00abAcabamos de firmar un convenio con la Universidad de San Pablo, con quien ya tenemos un convenio marco, en este caso un convenio espec\u00edfico para la capacitaci\u00f3n de actividades prehospitalarias. En ese sentido, quiero agradecer a los que representantes de la Universidad de San Pablo y tambi\u00e9n a las \u00e1reas que est\u00e1n involucradas dentro de este convenio del municipio como la Secretar\u00eda de Salud y la Subsecretar\u00eda de Ordenamiento y Seguridad Urbana\u201d.<br>\u201cEs una capacitaci\u00f3n muy importante que va a llevar aproximadamente 10 meses, todos los d\u00edas viernes de cada semana se va a realizar para el personal de Salud y al personal de Alerta Banda\u00bb, se\u00f1al\u00f3 Nediani.<br>Por su parte, Vanina Bracamonte, explic\u00f3 los detalles de la diplomatura y resalt\u00f3 el apoyo del municipio: \u00abQuiero agradecer al intendente Nediani y a todo el equipo que nos ha dado la posibilidad de llevar a cabo la diplomatura en atenci\u00f3n prehospitalaria junto a todo el equipo\u201d.<br>\u201cEsta capacitaci\u00f3n permitir\u00e1 perfeccionar al personal de todos los Centros de Atenci\u00f3n M\u00e9dica Municipal (CAMM) de La Banda, proporcion\u00e1ndoles herramientas cruciales para actuar en situaciones de emergencia\u00bb, finaliz\u00f3 Bracamonte.<br>Por su parte, los responsables de las \u00e1reas de salud y seguridad del municipio tambi\u00e9n expresaron su satisfacci\u00f3n con esta nueva etapa de formaci\u00f3n. \u00abEsta importante decisi\u00f3n es una muestra m\u00e1s del compromiso de la gesti\u00f3n del ingeniero Nediani en mejorar la calidad del servicio al vecino, ofreciendo un servicio eficiente y de calidad. Las dos \u00e1reas cuentan con unidades de traslado adquiridas recientemente, y esta capacitaci\u00f3n garantiza que nuestro personal est\u00e9 preparado para ofrecer el mejor servicio posible,\u00bb indicaron.<br>La firma de este convenio marca un hito en la capacitaci\u00f3n de los empleados municipales, asegurando que La Banda cuente con personal altamente calificado para enfrentar situaciones de emergencia, asegurando una mejor calidad de vida a los vecinos.<\/p>\n","protected":false},"excerpt":{"rendered":"<p>El intendente de la ciudad de La Banda, Ing. Roger El\u00edas Nediani realiz\u00f3 la firma de un convenio espec\u00edfico con la Universidad de San Pablo de Tucum\u00e1n por la que se iniciar\u00e1 un ciclo de capacitaciones en \u201cAtenci\u00f3n prehospitalaria\u201d.<\/p>\n","protected":false},"author":2,"featured_media":67008,"comment_status":"open","ping_status":"open","sticky":false,"template":"","format":"standard","meta":{"om_disable_all_campaigns":false,"_monsterinsights_skip_tracking":false,"_monsterinsights_sitenote_active":false,"_monsterinsights_sitenote_note":"","_monsterinsights_sitenote_category":0,"_uf_show_specific_survey":0,"_uf_disable_surveys":false,"jetpack_post_was_ever_published":false,"_jetpack_newsletter_access":"","_jetpack_dont_email_post_to_subs":false,"_jetpack_newsletter_tier_id":0,"_jetpack_memberships_contains_paywalled_content":false,"_jetpack_memberships_contains_paid_content":false,"footnotes":"","jetpack_publicize_message":"","jetpack_publicize_feature_enabled":true,"jetpack_social_post_already_shared":false,"jetpack_social_options":{"image_generator_settings":{"template":"highway","default_image_id":0,"font":"","enabled":false},"version":2}},"categories":[9,4],"tags":[71,51],"class_list":["post-67007","post","type-post","status-publish","format-standard","has-post-thumbnail","hentry","category-banda","category-destacadas","tag-municipalidad-de-la-banda","tag-roger-nediani"],"aioseo_notices":[],"views":10,"jetpack_publicize_connections":[],"jetpack_featured_media_url":"https:\/\/i0.wp.com\/elterritorialweb.com.ar\/web\/wp-content\/uploads\/2024\/06\/WhatsApp-Image-2024-06-16-at-13.24.42.jpeg?fit=1600%2C1057&ssl=1","jetpack_sharing_enabled":true,"_links":{"self":[{"href":"https:\/\/elterritorialweb.com.ar\/web\/wp-json\/wp\/v2\/posts\/67007","targetHints":{"allow":["GET"]}}],"collection":[{"href":"https:\/\/elterritorialweb.com.ar\/web\/wp-json\/wp\/v2\/posts"}],"about":[{"href":"https:\/\/elterritorialweb.com.ar\/web\/wp-json\/wp\/v2\/types\/post"}],"author":[{"embeddable":true,"href":"https:\/\/elterritorialweb.com.ar\/web\/wp-json\/wp\/v2\/users\/2"}],"replies":[{"embeddable":true,"href":"https:\/\/elterritorialweb.com.ar\/web\/wp-json\/wp\/v2\/comments?post=67007"}],"version-history":[{"count":1,"href":"https:\/\/elterritorialweb.com.ar\/web\/wp-json\/wp\/v2\/posts\/67007\/revisions"}],"predecessor-version":[{"id":67009,"href":"https:\/\/elterritorialweb.com.ar\/web\/wp-json\/wp\/v2\/posts\/67007\/revisions\/67009"}],"wp:featuredmedia":[{"embeddable":true,"href":"https:\/\/elterritorialweb.com.ar\/web\/wp-json\/wp\/v2\/media\/67008"}],"wp:attachment":[{"href":"https:\/\/elterritorialweb.com.ar\/web\/wp-json\/wp\/v2\/media?parent=67007"}],"wp:term":[{"taxonomy":"category","embeddable":true,"href":"https:\/\/elterritorialweb.com.ar\/web\/wp-json\/wp\/v2\/categories?post=67007"},{"taxonomy":"post_tag","embeddable":true,"href":"https:\/\/elterritorialweb.com.ar\/web\/wp-json\/wp\/v2\/tags?post=67007"}],"curies":[{"name":"wp","href":"https:\/\/api.w.org\/{rel}","templated":true}]}}