{"id":67010,"date":"2024-06-16T18:24:45","date_gmt":"2024-06-16T18:24:45","guid":{"rendered":"http:\/\/elterritorialweb.com.ar\/web\/?p=67010"},"modified":"2024-06-16T18:24:57","modified_gmt":"2024-06-16T18:24:57","slug":"kicillof-duro-con-la-ley-de-bases-agrede-a-la-produccion-el-trabajo-y-los-derechos","status":"publish","type":"post","link":"https:\/\/elterritorialweb.com.ar\/web\/kicillof-duro-con-la-ley-de-bases-agrede-a-la-produccion-el-trabajo-y-los-derechos\/","title":{"rendered":"KICILLOF DURO CON LA LEY DE BASES: \u00abAGREDE A LA PRODUCCI\u00d3N, EL TRABAJO Y LOS DERECHOS\u00bb"},"content":{"rendered":"\n<p>El gobernador de la provincia de Buenos Aires,\u00a0<strong>Axel Kicillof, critic\u00f3 duramente la Ley Bases porque \u00abagrede a la producci\u00f3n, el trabajo y los derechos\u00bb<\/strong>\u00a0y consider\u00f3 \u00abinadmisible\u00bb que el gobierno de Javier Milei califique las manifestaciones en contra de la medida como \u00abgolpe de Estado o terrorismo\u00bb.<\/p>\n\n\n\n<p>\u00abNo tiene un art\u00edculo a favor de los derechos de los sectores medios. Es una ley de entrega de los recursos naturales y el patrimonio natural; le da superpoderes al Presidente, que gobierna por decreto\u00bb, afirm\u00f3, y agreg\u00f3 que el texto aprobado el mi\u00e9rcoles pasado por los senadores \u00ablegaliza un modelo econ\u00f3mico y un modo de gobierno\u00bb.<\/p>\n\n\n\n<p>\u00abLos proyectos en todas sus versiones son mal\u00edsimos para quienes se quieren jubilar, para el trabajador, para las pymes y la producci\u00f3n nacional. La gente se fue a manifestar contra esto porque&nbsp;<strong>es una agresi\u00f3n y es la profundizaci\u00f3n de pol\u00edticas terriblemente nocivas\u00bb,<\/strong>&nbsp;sostuvo este s\u00e1bado en&nbsp;<em>AM 750<\/em>.<\/p>\n\n\n\n<p>En ese sentido, el mandatario bonaerense consider\u00f3 \u00abinadmisible que el gobierno hable de golpe de Estado o terrorismo\u00bb tras la represi\u00f3n que se produjo en las inmediaciones del Congreso y exigi\u00f3 la \u00abinmediata libertad\u00bb de los detenidos.\u00a0<strong>\u00abQue haya presos por manifestarse en democracia es un espanto\u00bb,<\/strong>\u00a0subray\u00f3.<\/p>\n\n\n\n<p>Remarc\u00f3 que \u00abvenimos de una etapa de marchas multitudinarias\u00bb y que \u00abtodas fueron pac\u00edficas y democr\u00e1ticas\u00bb. \u00abFue una manifestaci\u00f3n a la que asistieron much\u00edsimos sectores, mucha gente movilizada espont\u00e1neamente. No s\u00e9 de qu\u00e9 est\u00e1n hablando. Es una aberraci\u00f3n caracterizarlo de esa manera\u00bb, se\u00f1al\u00f3.<\/p>\n\n\n\n<p>\u00abEs muy evidente que&nbsp;<strong>est\u00e1n intentando convertir una posici\u00f3n democr\u00e1tica en una victimizaci\u00f3n que no ocurri\u00f3 ni existi\u00f3.<\/strong>&nbsp;Quieren plantear fantasmas, es muy feo y muy triste ver a un gobierno denunciar golpe de Estado y terrorismo en una marcha pac\u00edfica\u00bb, asegur\u00f3.<\/p>\n\n\n\n<p>En cuanto a la posibilidad de que hubiera habido infiltrados, tal como se denunci\u00f3 en redes sociales, sostuvo que \u00abes una pr\u00e1ctica lamentable y penosa. No puedo hacer una denuncia, pero es lo que se ve en muchas im\u00e1genes\u00bb, indic\u00f3.<\/p>\n","protected":false},"excerpt":{"rendered":"<p>El gobernador bonaerense asegur\u00f3 que la medida aprobada por el Senado \u00ablegaliza un modelo econ\u00f3mico\u00bb y \u00abno tiene un art\u00edculo a favor de los sectores medios\u00bb. \u00abEs la profundizaci\u00f3n de pol\u00edticas terriblemente nocivas\u00bb, sostuvo.<\/p>\n","protected":false},"author":2,"featured_media":63901,"comment_status":"open","ping_status":"open","sticky":false,"template":"","format":"standard","meta":{"om_disable_all_campaigns":false,"_monsterinsights_skip_tracking":false,"_monsterinsights_sitenote_active":false,"_monsterinsights_sitenote_note":"","_monsterinsights_sitenote_category":0,"_uf_show_specific_survey":0,"_uf_disable_surveys":false,"jetpack_post_was_ever_published":false,"_jetpack_newsletter_access":"","_jetpack_dont_email_post_to_subs":false,"_jetpack_newsletter_tier_id":0,"_jetpack_memberships_contains_paywalled_content":false,"_jetpack_memberships_contains_paid_content":false,"footnotes":"","jetpack_publicize_message":"","jetpack_publicize_feature_enabled":true,"jetpack_social_post_already_shared":false,"jetpack_social_options":{"image_generator_settings":{"template":"highway","default_image_id":0,"font":"","enabled":false},"version":2}},"categories":[4,7],"tags":[98,982],"class_list":["post-67010","post","type-post","status-publish","format-standard","has-post-thumbnail","hentry","category-destacadas","category-nacionales","tag-axel-kicillof","tag-ley-de-bases"],"aioseo_notices":[],"views":9,"jetpack_publicize_connections":[],"jetpack_featured_media_url":"https:\/\/i0.wp.com\/elterritorialweb.com.ar\/web\/wp-content\/uploads\/2024\/02\/kicillof-e1709006699508.jpg?fit=908%2C710&ssl=1","jetpack_sharing_enabled":true,"_links":{"self":[{"href":"https:\/\/elterritorialweb.com.ar\/web\/wp-json\/wp\/v2\/posts\/67010","targetHints":{"allow":["GET"]}}],"collection":[{"href":"https:\/\/elterritorialweb.com.ar\/web\/wp-json\/wp\/v2\/posts"}],"about":[{"href":"https:\/\/elterritorialweb.com.ar\/web\/wp-json\/wp\/v2\/types\/post"}],"author":[{"embeddable":true,"href":"https:\/\/elterritorialweb.com.ar\/web\/wp-json\/wp\/v2\/users\/2"}],"replies":[{"embeddable":true,"href":"https:\/\/elterritorialweb.com.ar\/web\/wp-json\/wp\/v2\/comments?post=67010"}],"version-history":[{"count":1,"href":"https:\/\/elterritorialweb.com.ar\/web\/wp-json\/wp\/v2\/posts\/67010\/revisions"}],"predecessor-version":[{"id":67011,"href":"https:\/\/elterritorialweb.com.ar\/web\/wp-json\/wp\/v2\/posts\/67010\/revisions\/67011"}],"wp:featuredmedia":[{"embeddable":true,"href":"https:\/\/elterritorialweb.com.ar\/web\/wp-json\/wp\/v2\/media\/63901"}],"wp:attachment":[{"href":"https:\/\/elterritorialweb.com.ar\/web\/wp-json\/wp\/v2\/media?parent=67010"}],"wp:term":[{"taxonomy":"category","embeddable":true,"href":"https:\/\/elterritorialweb.com.ar\/web\/wp-json\/wp\/v2\/categories?post=67010"},{"taxonomy":"post_tag","embeddable":true,"href":"https:\/\/elterritorialweb.com.ar\/web\/wp-json\/wp\/v2\/tags?post=67010"}],"curies":[{"name":"wp","href":"https:\/\/api.w.org\/{rel}","templated":true}]}}