{"id":67013,"date":"2024-06-16T20:50:16","date_gmt":"2024-06-16T20:50:16","guid":{"rendered":"http:\/\/elterritorialweb.com.ar\/web\/?p=67013"},"modified":"2024-06-16T22:13:06","modified_gmt":"2024-06-16T22:13:06","slug":"lanzan-el-primer-diario-escolar-en-el-colegio-la-invernada-norte-de-figueroa","status":"publish","type":"post","link":"https:\/\/elterritorialweb.com.ar\/web\/lanzan-el-primer-diario-escolar-en-el-colegio-la-invernada-norte-de-figueroa\/","title":{"rendered":"LANZAN EL PRIMER DIARIO ESCOLAR EN EL COLEGIO LA INVERNADA NORTE DE FIGUEROA"},"content":{"rendered":"\n<p>Los alumnos y docentes del <strong>Colegio Secundario la Invernada Norte<\/strong>, ubicado en <strong>El Cruce<\/strong> del <strong>Departamento Figueroa<\/strong>, presentar\u00e1n el <strong>Mi\u00e9rcoles 19 de Junio<\/strong> durante el <strong>Acto del D\u00eda de la Bandera<\/strong>, el primer <strong>Diario Escolar<\/strong> llamado <strong>Prensa Juvenil<\/strong>, como parte del trabajo que los estudiantes vienen desarrollando en las<strong> \u00e1reas de Lengua y Literatura y Educaci\u00f3n y Medios de Comunicaci\u00f3n.<\/strong><\/p>\n\n\n\n<p>Desde la instituci\u00f3n informaron que el diario escolar, contiene entrevistas elaboradas por los alumnos, una galer\u00eda fotografica, investigaciones hist\u00f3ricas, geogr\u00e1ficas, deportivas, culinarias y religiosas de la zona, y el mismo ser\u00e1 impreso y acompa\u00f1ado en formato digital.<\/p>\n\n\n\n<p>Cabe destacar que el trabajo de los estudiantes en este proyecto, cuentan con el apoyo de la <strong>rectora del colegio Profesora Mariela Chaparro<\/strong> y con la supervici\u00f3n de los profesores <strong>Ra\u00fal Carranza<\/strong>, <strong>Pamela Sosa<\/strong> y <strong>Morena Ru\u00edz V\u00e1squez. <\/strong><\/p>\n\n\n\n<figure class=\"wp-block-image size-full\"><a href=\"https:\/\/i0.wp.com\/elterritorialweb.com.ar\/web\/wp-content\/uploads\/2024\/06\/PRENSA-JUVENIL-1.jpeg\"><img data-recalc-dims=\"1\" decoding=\"async\" width=\"640\" height=\"494\" data-src=\"https:\/\/i0.wp.com\/elterritorialweb.com.ar\/web\/wp-content\/uploads\/2024\/06\/PRENSA-JUVENIL-1.jpeg?resize=640%2C494\" alt=\"\" class=\"wp-image-67023 lazyload\" data-srcset=\"https:\/\/i0.wp.com\/elterritorialweb.com.ar\/web\/wp-content\/uploads\/2024\/06\/PRENSA-JUVENIL-1.jpeg?w=780&amp;ssl=1 780w, https:\/\/i0.wp.com\/elterritorialweb.com.ar\/web\/wp-content\/uploads\/2024\/06\/PRENSA-JUVENIL-1.jpeg?resize=300%2C232&amp;ssl=1 300w, https:\/\/i0.wp.com\/elterritorialweb.com.ar\/web\/wp-content\/uploads\/2024\/06\/PRENSA-JUVENIL-1.jpeg?resize=768%2C593&amp;ssl=1 768w\" data-sizes=\"(max-width: 640px) 100vw, 640px\" src=\"data:image\/svg+xml;base64,PHN2ZyB3aWR0aD0iMSIgaGVpZ2h0PSIxIiB4bWxucz0iaHR0cDovL3d3dy53My5vcmcvMjAwMC9zdmciPjwvc3ZnPg==\" style=\"--smush-placeholder-width: 640px; --smush-placeholder-aspect-ratio: 640\/494;\" \/><\/a><\/figure>\n\n\n\n<p>Consultado al <strong>Profesor Ra\u00fal Carranza<\/strong>, expres\u00f3: <em>\u00abEste proyecto va a ser el primero y lo vamos a presentar en el acto del D\u00eda de la Bandera, que se realizara el proximo miercoles 19, y el segundo antes de salir de vacaciones, para el acto del 9 de julio, la idea es sacar unos cinco o seis diarios hasta fin de a\u00f1o\u00bb<\/em>.<\/p>\n\n\n\n<p><em>\u00abEl diario esta impreso en formato A3, conformado por ocho paginas en blanco y negro, no tiene publicidad y la idea es venderlo en la comunidad en general, para solventar los gastos de insumos para el pr\u00f3ximo ejemplar\u00bb<\/em> afirm\u00f3 Carranza<\/p>\n\n\n\n<p>Para finalizar a\u00f1adi\u00f3: <em>\u00abel Diario ser\u00e1 impreso y acompa\u00f1ado en formato digital y aparecer\u00e1 una vez por mes dentro de la comunidad educativa, un proyecto institucional hecho realidad con trabajo y mucho esfuerzo por todos\u00bb.<\/em><\/p>\n","protected":false},"excerpt":{"rendered":"<p>El mismo lo presentaran este mi\u00e9rcoles 19, en el acto del D\u00eda de la Bandera. <\/p>\n","protected":false},"author":2,"featured_media":67021,"comment_status":"open","ping_status":"open","sticky":false,"template":"","format":"standard","meta":{"om_disable_all_campaigns":false,"_monsterinsights_skip_tracking":false,"_monsterinsights_sitenote_active":false,"_monsterinsights_sitenote_note":"","_monsterinsights_sitenote_category":0,"_uf_show_specific_survey":0,"_uf_disable_surveys":false,"jetpack_post_was_ever_published":false,"_jetpack_newsletter_access":"","_jetpack_dont_email_post_to_subs":false,"_jetpack_newsletter_tier_id":0,"_jetpack_memberships_contains_paywalled_content":false,"_jetpack_memberships_contains_paid_content":false,"footnotes":"","jetpack_publicize_message":"","jetpack_publicize_feature_enabled":true,"jetpack_social_post_already_shared":false,"jetpack_social_options":{"image_generator_settings":{"template":"highway","default_image_id":0,"font":"","enabled":false},"version":2}},"categories":[4,19],"tags":[],"class_list":["post-67013","post","type-post","status-publish","format-standard","has-post-thumbnail","hentry","category-destacadas","category-educacion"],"aioseo_notices":[],"views":181,"jetpack_publicize_connections":[],"jetpack_featured_media_url":"https:\/\/i0.wp.com\/elterritorialweb.com.ar\/web\/wp-content\/uploads\/2024\/06\/ALUMNOS-DIARIO-ESCOLAR.jpeg?fit=1600%2C1204&ssl=1","jetpack_sharing_enabled":true,"_links":{"self":[{"href":"https:\/\/elterritorialweb.com.ar\/web\/wp-json\/wp\/v2\/posts\/67013","targetHints":{"allow":["GET"]}}],"collection":[{"href":"https:\/\/elterritorialweb.com.ar\/web\/wp-json\/wp\/v2\/posts"}],"about":[{"href":"https:\/\/elterritorialweb.com.ar\/web\/wp-json\/wp\/v2\/types\/post"}],"author":[{"embeddable":true,"href":"https:\/\/elterritorialweb.com.ar\/web\/wp-json\/wp\/v2\/users\/2"}],"replies":[{"embeddable":true,"href":"https:\/\/elterritorialweb.com.ar\/web\/wp-json\/wp\/v2\/comments?post=67013"}],"version-history":[{"count":5,"href":"https:\/\/elterritorialweb.com.ar\/web\/wp-json\/wp\/v2\/posts\/67013\/revisions"}],"predecessor-version":[{"id":67035,"href":"https:\/\/elterritorialweb.com.ar\/web\/wp-json\/wp\/v2\/posts\/67013\/revisions\/67035"}],"wp:featuredmedia":[{"embeddable":true,"href":"https:\/\/elterritorialweb.com.ar\/web\/wp-json\/wp\/v2\/media\/67021"}],"wp:attachment":[{"href":"https:\/\/elterritorialweb.com.ar\/web\/wp-json\/wp\/v2\/media?parent=67013"}],"wp:term":[{"taxonomy":"category","embeddable":true,"href":"https:\/\/elterritorialweb.com.ar\/web\/wp-json\/wp\/v2\/categories?post=67013"},{"taxonomy":"post_tag","embeddable":true,"href":"https:\/\/elterritorialweb.com.ar\/web\/wp-json\/wp\/v2\/tags?post=67013"}],"curies":[{"name":"wp","href":"https:\/\/api.w.org\/{rel}","templated":true}]}}