{"id":67014,"date":"2024-06-16T19:37:59","date_gmt":"2024-06-16T19:37:59","guid":{"rendered":"http:\/\/elterritorialweb.com.ar\/web\/?p=67014"},"modified":"2024-06-16T19:38:06","modified_gmt":"2024-06-16T19:38:06","slug":"festividad-patronal-en-honor-a-san-luis-gonzaga-patrono-mundial-de-los-jovenes-y-estudiantes","status":"publish","type":"post","link":"https:\/\/elterritorialweb.com.ar\/web\/festividad-patronal-en-honor-a-san-luis-gonzaga-patrono-mundial-de-los-jovenes-y-estudiantes\/","title":{"rendered":"FESTIVIDAD PATRONAL EN HONOR A SAN LUIS GONZAGA \u201cPATRONO MUNDIAL DE LOS J\u00d3VENES Y ESTUDIANTES\u201d"},"content":{"rendered":"\n<p>Entre las <strong>actividades programadas<\/strong> por la festividad Patronal a San Luis Gonzaga, se realizar\u00e1 <strong>rezo de un Triduo<\/strong> en su honor que dar\u00e1 inicio a las mismas, y se desarrollar\u00e1n:<\/p>\n\n\n\n<p>El d\u00eda<strong> Martes 18 de junio<\/strong>, a las 18:30 horas, se rezar\u00e1 el Santo Rosario, 19 horas, la Santa Misa a cargo del Hermano Paul Berahino en compa\u00f1ia del Ministerio de M\u00fasica Jes\u00fas y Mar\u00eda Sant\u00edsima.<\/p>\n\n\n\n<p><strong>Mi\u00e9rcoles<\/strong> <strong>19 de junio<\/strong>, 18:30 horas, rezo del Santo Rosario, 19 horas, Santa Misa, celebrada por el Hermano Paul Berahino con el Ministerio de M\u00fasica de la Parroquia de Sumampa.<\/p>\n\n\n\n<p>El <strong>\u00faltimo d\u00eda del triduo<\/strong>, rezo del Santo Rosario a las 18:30 horas, 19 horas, la Eucarist\u00eda presidida por el Hermano Pau con presencia del Ministerio de M\u00fasica de la Parroquia Virgen de la Piedad. Luego de la Santa Misa, se har\u00e1 un Fog\u00f3n en su honor a cargo de los J\u00f3venes de Confirmaci\u00f3n de la Capilla y el Grupo Scout N\u00b0 560 San Cayetano.<\/p>\n\n\n\n<p>El <strong>21 de Junio<\/strong>, d\u00eda de la Festividad Patronal, a las 19:00 hs Santa Misa celebrada por el Monse\u00f1or Vicente Bokalic, al finalizar la misa se bendicir\u00e1 material de estudio (carpetas, cuadernos, apuntes y libros) de los estudiantes. Luego procesi\u00f3n por las calles del Barrio Primera Junta.<\/p>\n\n\n\n<p>Posteriomente, como todos los a\u00f1os, se servir\u00e1 el tradicional chocolate, que estar\u00e1 a cargo del <strong>Grupo de Servidores \u201cCristo Peregrino\u201d.<\/strong><\/p>\n\n\n\n<p>Para finalizar, habr\u00e1 un <strong>Festival Art\u00edstico<\/strong> en el sal\u00f3n parroquial, que estar\u00e1 animado por <strong>Laura Santillan<\/strong>, y contar\u00e1 con la participaci\u00f3n del <strong>Coro de Se\u00f1as \u201cLa Fuerza del Coraz\u00f3n\u201d<\/strong> que entonar\u00e1n el Himno Nacional Argentino, la <strong>Academia de Folclore \u201cVientos del Norte\u201d, Silvana Villoslada, Arena Folk, Onix, Dar\u00edo Kempf, Morena Lescano<\/strong> con el sonido e iluminaci\u00f3n a cargo de Raul Lezana<\/p>\n","protected":false},"excerpt":{"rendered":"<p>Desde la comunidad invitan a participar de las actividades en su honor, que se realizar\u00e1n en la capilla de Viamonte y Alberdi en el  Barrio Primera Junta.<\/p>\n","protected":false},"author":2,"featured_media":67015,"comment_status":"open","ping_status":"open","sticky":false,"template":"","format":"standard","meta":{"om_disable_all_campaigns":false,"_monsterinsights_skip_tracking":false,"_monsterinsights_sitenote_active":false,"_monsterinsights_sitenote_note":"","_monsterinsights_sitenote_category":0,"_uf_show_specific_survey":0,"_uf_disable_surveys":false,"jetpack_post_was_ever_published":false,"_jetpack_newsletter_access":"","_jetpack_dont_email_post_to_subs":false,"_jetpack_newsletter_tier_id":0,"_jetpack_memberships_contains_paywalled_content":false,"_jetpack_memberships_contains_paid_content":false,"footnotes":"","jetpack_publicize_message":"","jetpack_publicize_feature_enabled":true,"jetpack_social_post_already_shared":false,"jetpack_social_options":{"image_generator_settings":{"template":"highway","default_image_id":0,"font":"","enabled":false},"version":2}},"categories":[21],"tags":[231,232],"class_list":["post-67014","post","type-post","status-publish","format-standard","has-post-thumbnail","hentry","category-locales","tag-capilla-san-luis-gonzaga","tag-festividad-san-luis-gonzaga"],"aioseo_notices":[],"views":17,"jetpack_publicize_connections":[],"jetpack_featured_media_url":"https:\/\/i0.wp.com\/elterritorialweb.com.ar\/web\/wp-content\/uploads\/2024\/06\/san-luis-gonzaga.jpg?fit=715%2C587&ssl=1","jetpack_sharing_enabled":true,"_links":{"self":[{"href":"https:\/\/elterritorialweb.com.ar\/web\/wp-json\/wp\/v2\/posts\/67014","targetHints":{"allow":["GET"]}}],"collection":[{"href":"https:\/\/elterritorialweb.com.ar\/web\/wp-json\/wp\/v2\/posts"}],"about":[{"href":"https:\/\/elterritorialweb.com.ar\/web\/wp-json\/wp\/v2\/types\/post"}],"author":[{"embeddable":true,"href":"https:\/\/elterritorialweb.com.ar\/web\/wp-json\/wp\/v2\/users\/2"}],"replies":[{"embeddable":true,"href":"https:\/\/elterritorialweb.com.ar\/web\/wp-json\/wp\/v2\/comments?post=67014"}],"version-history":[{"count":1,"href":"https:\/\/elterritorialweb.com.ar\/web\/wp-json\/wp\/v2\/posts\/67014\/revisions"}],"predecessor-version":[{"id":67016,"href":"https:\/\/elterritorialweb.com.ar\/web\/wp-json\/wp\/v2\/posts\/67014\/revisions\/67016"}],"wp:featuredmedia":[{"embeddable":true,"href":"https:\/\/elterritorialweb.com.ar\/web\/wp-json\/wp\/v2\/media\/67015"}],"wp:attachment":[{"href":"https:\/\/elterritorialweb.com.ar\/web\/wp-json\/wp\/v2\/media?parent=67014"}],"wp:term":[{"taxonomy":"category","embeddable":true,"href":"https:\/\/elterritorialweb.com.ar\/web\/wp-json\/wp\/v2\/categories?post=67014"},{"taxonomy":"post_tag","embeddable":true,"href":"https:\/\/elterritorialweb.com.ar\/web\/wp-json\/wp\/v2\/tags?post=67014"}],"curies":[{"name":"wp","href":"https:\/\/api.w.org\/{rel}","templated":true}]}}