{"id":67029,"date":"2024-06-16T21:32:15","date_gmt":"2024-06-16T21:32:15","guid":{"rendered":"http:\/\/elterritorialweb.com.ar\/web\/?p=67029"},"modified":"2024-06-16T21:32:21","modified_gmt":"2024-06-16T21:32:21","slug":"exitosa-exhibicion-de-las-copas-del-mundo-en-termas-de-rio-hondo","status":"publish","type":"post","link":"https:\/\/elterritorialweb.com.ar\/web\/exitosa-exhibicion-de-las-copas-del-mundo-en-termas-de-rio-hondo\/","title":{"rendered":"EXITOSA EXHIBICI\u00d3N DE LAS \u00abCOPAS DEL MUNDO\u00bb EN TERMAS DE R\u00cdO HONDO"},"content":{"rendered":"\n<p>Estuvieron el secretario de Deportes, <strong>Carlos Dapello<\/strong>; el intendente de Las Termas, <strong>Jorge Mukdise<\/strong>; la secretaria de Turismo, Cultura y Deportes Municipal, <strong>Vilma D\u00edaz;<\/strong> el secretario del Consejo de la Asociaci\u00f3n de F\u00fatbol Argentino (AFA), <strong>Mario Echeverr\u00eda<\/strong>, y el vicepresidente de la Federaci\u00f3n Santiague\u00f1a de F\u00fatbol, <strong>Francisco Pesce<\/strong>; adem\u00e1s de concejales y representantes de entidades y ligas del f\u00fatbol local.<\/p>\n\n\n\n<figure class=\"wp-block-image size-large\"><a href=\"https:\/\/i0.wp.com\/elterritorialweb.com.ar\/web\/wp-content\/uploads\/2024\/06\/COPA-DEL-MUNDO-TERMAS-1.jpeg\"><img data-recalc-dims=\"1\" decoding=\"async\" width=\"640\" height=\"454\" data-src=\"https:\/\/i0.wp.com\/elterritorialweb.com.ar\/web\/wp-content\/uploads\/2024\/06\/COPA-DEL-MUNDO-TERMAS-1.jpeg?resize=640%2C454\" alt=\"\" class=\"wp-image-67031 lazyload\" data-srcset=\"https:\/\/i0.wp.com\/elterritorialweb.com.ar\/web\/wp-content\/uploads\/2024\/06\/COPA-DEL-MUNDO-TERMAS-1.jpeg?resize=1024%2C727&amp;ssl=1 1024w, https:\/\/i0.wp.com\/elterritorialweb.com.ar\/web\/wp-content\/uploads\/2024\/06\/COPA-DEL-MUNDO-TERMAS-1.jpeg?resize=300%2C213&amp;ssl=1 300w, https:\/\/i0.wp.com\/elterritorialweb.com.ar\/web\/wp-content\/uploads\/2024\/06\/COPA-DEL-MUNDO-TERMAS-1.jpeg?resize=768%2C545&amp;ssl=1 768w, https:\/\/i0.wp.com\/elterritorialweb.com.ar\/web\/wp-content\/uploads\/2024\/06\/COPA-DEL-MUNDO-TERMAS-1.jpeg?w=1040&amp;ssl=1 1040w\" data-sizes=\"(max-width: 640px) 100vw, 640px\" src=\"data:image\/svg+xml;base64,PHN2ZyB3aWR0aD0iMSIgaGVpZ2h0PSIxIiB4bWxucz0iaHR0cDovL3d3dy53My5vcmcvMjAwMC9zdmciPjwvc3ZnPg==\" style=\"--smush-placeholder-width: 640px; --smush-placeholder-aspect-ratio: 640\/454;\" \/><\/a><\/figure>\n\n\n\n<p>Durante el acto Filliol fue declarado hu\u00e9sped de honor y recibi\u00f3 presentes de parte del Gobierno de la provincia y de instituciones locales.<\/p>\n\n\n\n<p><strong>Dapello <\/strong>dio la bienvenida a quien fuera el arquero del Seleccionado Argentino de F\u00fatbol, campe\u00f3n del 78 y le transmiti\u00f3 los saludos del <strong>gobernador Gerardo Zamora<\/strong>.<br><em>\u00abGracias por haber venido, sos un \u00eddolo total y ojal\u00e1 que todos puedan disfrutar de este evento tan maravilloso\u00bb<\/em>, expres\u00f3.<\/p>\n\n\n\n<p>Por su parte, <strong>Filliol<\/strong> manifest\u00f3 su satisfacci\u00f3n de estar presente en Santiago del Estero para participar de un evento tan convocante y elogi\u00f3 las pol\u00edticas que impulsa la provincia en materia de deportes que benefician a las fururas generaciones.<em> \u00abGracias a los santiague\u00f1os por el cari\u00f1o que me brindaron y por invitarme a ser parte de esta fiesta\u00bb<\/em>, dijo.<br><strong>El deportista dej\u00f3 para el gobernador Zamora una r\u00e9plica de la camiseta N\u00b0 5 que us\u00f3 en el Mundial de 1978.<\/strong><\/p>\n\n\n\n<p>En el final, <strong>Mukdise<\/strong> agradeci\u00f3 a quienes hicieron posible que se realice este evento en Las Termas, que le suma un atractivo m\u00e1s al principal destino tur\u00edstico de la provincia.<br>La muestra fue visitada por cientos de turistas y vecinos que desde horas tempranas hicieron cola para conocer y fotografiarse con las copas del Mundo, Final\u00edsima y Am\u00e9rica, obtenidas en el 2021 y 2022.<\/p>\n\n\n\n<p>En este marco, <strong>Daniel y Cecilia Chaparro<\/strong>, de ciudad de Buenos Aires, que se encontraban de visita en Las Termas expresaron:<em> \u00abEstamos muy emocionados, porque nos encontr\u00e1bamos de visita y nos enteramos de este evento tan lindo y emocionante\u00bb.<\/em><\/p>\n\n\n\n<p>Por otro lado, <strong>Miguel Succo<\/strong>, de San Francisco, C\u00f3rdoba, cont\u00f3 que todos los a\u00f1os visita la ciudad junto a su familia y en esta oportunidad se encontr\u00f3 con esta \u00abgrata sorpresa\u00bb, la exhibici\u00f3n de las Copas. <em>\u00abEstamos muy contentos con toda mi familia y agradecidos con los santiague\u00f1os que siempre est\u00e1n con nuevas propuestas para ofrecer a sus visitantes\u00bb<\/em>, dijo.<\/p>\n","protected":false},"excerpt":{"rendered":"<p>Con la presencia de autoridades provinciales, municipales, de instituciones deportivas y del campe\u00f3n mundial del 78, Ubaldo \u00abPato\u00bb Filliol, se realiz\u00f3 la ceremonia de apertura de la exhibici\u00f3n de las \u00abCopas del Mundo\u00bb que tuvo lugar este domingo en el Centro Cultural San Mart\u00edn de Las Termas de R\u00edo Hondo, evento que congreg\u00f3 a una gran cantidad de vecinos y turistas.<\/p>\n","protected":false},"author":2,"featured_media":67032,"comment_status":"open","ping_status":"open","sticky":false,"template":"","format":"standard","meta":{"om_disable_all_campaigns":false,"_monsterinsights_skip_tracking":false,"_monsterinsights_sitenote_active":false,"_monsterinsights_sitenote_note":"","_monsterinsights_sitenote_category":0,"_uf_show_specific_survey":0,"_uf_disable_surveys":false,"jetpack_post_was_ever_published":false,"_jetpack_newsletter_access":"","_jetpack_dont_email_post_to_subs":false,"_jetpack_newsletter_tier_id":0,"_jetpack_memberships_contains_paywalled_content":false,"_jetpack_memberships_contains_paid_content":false,"footnotes":"","jetpack_publicize_message":"","jetpack_publicize_feature_enabled":true,"jetpack_social_post_already_shared":false,"jetpack_social_options":{"image_generator_settings":{"template":"highway","default_image_id":0,"font":"","enabled":false},"version":2}},"categories":[4,633],"tags":[],"class_list":["post-67029","post","type-post","status-publish","format-standard","has-post-thumbnail","hentry","category-destacadas","category-termas-de-rio-hondo"],"aioseo_notices":[],"views":25,"jetpack_publicize_connections":[],"jetpack_featured_media_url":"https:\/\/i0.wp.com\/elterritorialweb.com.ar\/web\/wp-content\/uploads\/2024\/06\/COPA-DEL-MUNDO-TERMAS.jpeg?fit=1280%2C853&ssl=1","jetpack_sharing_enabled":true,"_links":{"self":[{"href":"https:\/\/elterritorialweb.com.ar\/web\/wp-json\/wp\/v2\/posts\/67029","targetHints":{"allow":["GET"]}}],"collection":[{"href":"https:\/\/elterritorialweb.com.ar\/web\/wp-json\/wp\/v2\/posts"}],"about":[{"href":"https:\/\/elterritorialweb.com.ar\/web\/wp-json\/wp\/v2\/types\/post"}],"author":[{"embeddable":true,"href":"https:\/\/elterritorialweb.com.ar\/web\/wp-json\/wp\/v2\/users\/2"}],"replies":[{"embeddable":true,"href":"https:\/\/elterritorialweb.com.ar\/web\/wp-json\/wp\/v2\/comments?post=67029"}],"version-history":[{"count":1,"href":"https:\/\/elterritorialweb.com.ar\/web\/wp-json\/wp\/v2\/posts\/67029\/revisions"}],"predecessor-version":[{"id":67033,"href":"https:\/\/elterritorialweb.com.ar\/web\/wp-json\/wp\/v2\/posts\/67029\/revisions\/67033"}],"wp:featuredmedia":[{"embeddable":true,"href":"https:\/\/elterritorialweb.com.ar\/web\/wp-json\/wp\/v2\/media\/67032"}],"wp:attachment":[{"href":"https:\/\/elterritorialweb.com.ar\/web\/wp-json\/wp\/v2\/media?parent=67029"}],"wp:term":[{"taxonomy":"category","embeddable":true,"href":"https:\/\/elterritorialweb.com.ar\/web\/wp-json\/wp\/v2\/categories?post=67029"},{"taxonomy":"post_tag","embeddable":true,"href":"https:\/\/elterritorialweb.com.ar\/web\/wp-json\/wp\/v2\/tags?post=67029"}],"curies":[{"name":"wp","href":"https:\/\/api.w.org\/{rel}","templated":true}]}}