{"id":67036,"date":"2024-06-17T17:34:54","date_gmt":"2024-06-17T17:34:54","guid":{"rendered":"http:\/\/elterritorialweb.com.ar\/web\/?p=67036"},"modified":"2024-06-17T17:35:00","modified_gmt":"2024-06-17T17:35:00","slug":"acto-por-el-203-aniversario-del-paso-a-la-inmortalidad-del-general-de-guemes","status":"publish","type":"post","link":"https:\/\/elterritorialweb.com.ar\/web\/acto-por-el-203-aniversario-del-paso-a-la-inmortalidad-del-general-de-guemes\/","title":{"rendered":"ACTO POR EL 203\u00b0 ANIVERSARIO DEL PASO A LA INMORTALIDAD DEL GENERAL DE G\u00dcEMES"},"content":{"rendered":"\n<p>Durante el acto, el vicegobernador salud\u00f3 a la Agrupaci\u00f3n 17 de Junio, junto al jefe de tropa, comandante Mario Pelichero, y al jefe de la Agrupaci\u00f3n XVII Santiago del Estero, comandante Oscar Fabio Poblete, tras lo cual se enton\u00f3 el Himno Nacional Argentino.<\/p>\n\n\n\n<p>En la oportunidad, el sacerdote auxiliar de la Guarnici\u00f3n Santiago del Estero, presb\u00edtero Ram\u00f3n Acu\u00f1a, realiz\u00f3 una oraci\u00f3n, tras lo cual se realiz\u00f3 un minuto de silencio en honor al h\u00e9roe gaucho y por los ca\u00eddos en defensa de las fronteras de la patria.<\/p>\n\n\n\n<figure class=\"wp-block-image size-large\"><a href=\"https:\/\/i0.wp.com\/elterritorialweb.com.ar\/web\/wp-content\/uploads\/2024\/06\/ACTO-GUEMES-1.jpeg\"><img data-recalc-dims=\"1\" decoding=\"async\" width=\"640\" height=\"426\" data-src=\"https:\/\/i0.wp.com\/elterritorialweb.com.ar\/web\/wp-content\/uploads\/2024\/06\/ACTO-GUEMES-1.jpeg?resize=640%2C426\" alt=\"\" class=\"wp-image-67038 lazyload\" data-srcset=\"https:\/\/i0.wp.com\/elterritorialweb.com.ar\/web\/wp-content\/uploads\/2024\/06\/ACTO-GUEMES-1.jpeg?resize=1024%2C682&amp;ssl=1 1024w, https:\/\/i0.wp.com\/elterritorialweb.com.ar\/web\/wp-content\/uploads\/2024\/06\/ACTO-GUEMES-1.jpeg?resize=300%2C200&amp;ssl=1 300w, https:\/\/i0.wp.com\/elterritorialweb.com.ar\/web\/wp-content\/uploads\/2024\/06\/ACTO-GUEMES-1.jpeg?resize=768%2C512&amp;ssl=1 768w, https:\/\/i0.wp.com\/elterritorialweb.com.ar\/web\/wp-content\/uploads\/2024\/06\/ACTO-GUEMES-1.jpeg?resize=1536%2C1023&amp;ssl=1 1536w, https:\/\/i0.wp.com\/elterritorialweb.com.ar\/web\/wp-content\/uploads\/2024\/06\/ACTO-GUEMES-1.jpeg?w=1600&amp;ssl=1 1600w, https:\/\/i0.wp.com\/elterritorialweb.com.ar\/web\/wp-content\/uploads\/2024\/06\/ACTO-GUEMES-1.jpeg?w=1280 1280w\" data-sizes=\"(max-width: 640px) 100vw, 640px\" src=\"data:image\/svg+xml;base64,PHN2ZyB3aWR0aD0iMSIgaGVpZ2h0PSIxIiB4bWxucz0iaHR0cDovL3d3dy53My5vcmcvMjAwMC9zdmciPjwvc3ZnPg==\" style=\"--smush-placeholder-width: 640px; --smush-placeholder-aspect-ratio: 640\/426;\" \/><\/a><\/figure>\n\n\n\n<p>Asimismo en el acto, el vicegobernador, junto a representantes de las fuerzas de seguridad; legisladores provinciales y autoridades presentes, depositaron ofrendas florales al pie del busto del General G\u00fcemes.<\/p>\n\n\n\n<p>En este sentido, el presidente del Centro G\u00fcemesiano de la ciudad de La Banda, Osvaldo Casta\u00f1ares, detall\u00f3 el contexto de esa \u00e9poca e hizo alusi\u00f3n a esta fecha reconociendo la importancia de la figura de este militar argentino en las guerras de independencia y el legado que hoy se busca mantener, respetar y sobre todo destacar cada d\u00eda.<\/p>\n","protected":false},"excerpt":{"rendered":"<p>El vicegobernador de la provincia, Carlos Silva Neder, en representaci\u00f3n del gobernador Gerardo Zamora, encabez\u00f3 esta ma\u00f1ana el acto oficial por el D\u00eda Nacional de la Libertad Latinoamericana, a 203 a\u00f1os del paso a la inmortalidad del General Mart\u00edn Miguel de G\u00fcemes.<\/p>\n","protected":false},"author":2,"featured_media":67039,"comment_status":"open","ping_status":"open","sticky":false,"template":"","format":"standard","meta":{"om_disable_all_campaigns":false,"_monsterinsights_skip_tracking":false,"_monsterinsights_sitenote_active":false,"_monsterinsights_sitenote_note":"","_monsterinsights_sitenote_category":0,"_uf_show_specific_survey":0,"_uf_disable_surveys":false,"jetpack_post_was_ever_published":false,"_jetpack_newsletter_access":"","_jetpack_dont_email_post_to_subs":false,"_jetpack_newsletter_tier_id":0,"_jetpack_memberships_contains_paywalled_content":false,"_jetpack_memberships_contains_paid_content":false,"footnotes":"","jetpack_publicize_message":"","jetpack_publicize_feature_enabled":true,"jetpack_social_post_already_shared":false,"jetpack_social_options":{"image_generator_settings":{"template":"highway","default_image_id":0,"font":"","enabled":false},"version":2}},"categories":[4,21],"tags":[49],"class_list":["post-67036","post","type-post","status-publish","format-standard","has-post-thumbnail","hentry","category-destacadas","category-locales","tag-gobierno-de-santiago-del-estero"],"aioseo_notices":[],"views":13,"jetpack_publicize_connections":[],"jetpack_featured_media_url":"https:\/\/i0.wp.com\/elterritorialweb.com.ar\/web\/wp-content\/uploads\/2024\/06\/ACTO-GUEMES.jpeg?fit=1600%2C1066&ssl=1","jetpack_sharing_enabled":true,"_links":{"self":[{"href":"https:\/\/elterritorialweb.com.ar\/web\/wp-json\/wp\/v2\/posts\/67036","targetHints":{"allow":["GET"]}}],"collection":[{"href":"https:\/\/elterritorialweb.com.ar\/web\/wp-json\/wp\/v2\/posts"}],"about":[{"href":"https:\/\/elterritorialweb.com.ar\/web\/wp-json\/wp\/v2\/types\/post"}],"author":[{"embeddable":true,"href":"https:\/\/elterritorialweb.com.ar\/web\/wp-json\/wp\/v2\/users\/2"}],"replies":[{"embeddable":true,"href":"https:\/\/elterritorialweb.com.ar\/web\/wp-json\/wp\/v2\/comments?post=67036"}],"version-history":[{"count":1,"href":"https:\/\/elterritorialweb.com.ar\/web\/wp-json\/wp\/v2\/posts\/67036\/revisions"}],"predecessor-version":[{"id":67040,"href":"https:\/\/elterritorialweb.com.ar\/web\/wp-json\/wp\/v2\/posts\/67036\/revisions\/67040"}],"wp:featuredmedia":[{"embeddable":true,"href":"https:\/\/elterritorialweb.com.ar\/web\/wp-json\/wp\/v2\/media\/67039"}],"wp:attachment":[{"href":"https:\/\/elterritorialweb.com.ar\/web\/wp-json\/wp\/v2\/media?parent=67036"}],"wp:term":[{"taxonomy":"category","embeddable":true,"href":"https:\/\/elterritorialweb.com.ar\/web\/wp-json\/wp\/v2\/categories?post=67036"},{"taxonomy":"post_tag","embeddable":true,"href":"https:\/\/elterritorialweb.com.ar\/web\/wp-json\/wp\/v2\/tags?post=67036"}],"curies":[{"name":"wp","href":"https:\/\/api.w.org\/{rel}","templated":true}]}}