{"id":67041,"date":"2024-06-17T17:43:22","date_gmt":"2024-06-17T17:43:22","guid":{"rendered":"http:\/\/elterritorialweb.com.ar\/web\/?p=67041"},"modified":"2024-06-17T17:43:32","modified_gmt":"2024-06-17T17:43:32","slug":"salta-el-gobernador-zamora-participo-del-203aniversario-del-paso-a-la-inmortalidad-de-guemes","status":"publish","type":"post","link":"https:\/\/elterritorialweb.com.ar\/web\/salta-el-gobernador-zamora-participo-del-203aniversario-del-paso-a-la-inmortalidad-de-guemes\/","title":{"rendered":"SALTA: EL GOBERNADOR ZAMORA PARTICIP\u00d3 DEL 203\u00b0ANIVERSARIO DEL PASO A LA INMORTALIDAD DE G\u00dcEMES"},"content":{"rendered":"\n<p>La ceremonia central fue presidida por el gobernador de Salta,\u00a0<strong>Gustavo S\u00e1enz<\/strong>, quien estuvo acompa\u00f1ado por la vicepresidente de la naci\u00f3n,\u00a0<strong>Victoria Villarruel<\/strong>, los gobernadores de Jujuy,\u00a0<strong>Carlos Sadir<\/strong>; de Tucum\u00e1n,\u00a0<strong>Osvaldo Jaldo<\/strong>; de Catamarca,\u00a0<strong>Ra\u00fal Jalil<\/strong>, entre otras autoridades\u00a0<strong>nacionales, provinciales y municipales<\/strong>.<\/p>\n\n\n\n<figure class=\"wp-block-image size-large\"><a href=\"https:\/\/i0.wp.com\/elterritorialweb.com.ar\/web\/wp-content\/uploads\/2024\/06\/ZAMORA-EN-SALTA-1.jpg\"><img data-recalc-dims=\"1\" decoding=\"async\" width=\"640\" height=\"445\" data-src=\"https:\/\/i0.wp.com\/elterritorialweb.com.ar\/web\/wp-content\/uploads\/2024\/06\/ZAMORA-EN-SALTA-1.jpg?resize=640%2C445\" alt=\"\" class=\"wp-image-67042 lazyload\" data-srcset=\"https:\/\/i0.wp.com\/elterritorialweb.com.ar\/web\/wp-content\/uploads\/2024\/06\/ZAMORA-EN-SALTA-1.jpg?resize=1024%2C712&amp;ssl=1 1024w, https:\/\/i0.wp.com\/elterritorialweb.com.ar\/web\/wp-content\/uploads\/2024\/06\/ZAMORA-EN-SALTA-1.jpg?resize=300%2C209&amp;ssl=1 300w, https:\/\/i0.wp.com\/elterritorialweb.com.ar\/web\/wp-content\/uploads\/2024\/06\/ZAMORA-EN-SALTA-1.jpg?resize=768%2C534&amp;ssl=1 768w, https:\/\/i0.wp.com\/elterritorialweb.com.ar\/web\/wp-content\/uploads\/2024\/06\/ZAMORA-EN-SALTA-1.jpg?resize=1536%2C1068&amp;ssl=1 1536w, https:\/\/i0.wp.com\/elterritorialweb.com.ar\/web\/wp-content\/uploads\/2024\/06\/ZAMORA-EN-SALTA-1.jpg?w=2048&amp;ssl=1 2048w, https:\/\/i0.wp.com\/elterritorialweb.com.ar\/web\/wp-content\/uploads\/2024\/06\/ZAMORA-EN-SALTA-1.jpg?w=1280 1280w, https:\/\/i0.wp.com\/elterritorialweb.com.ar\/web\/wp-content\/uploads\/2024\/06\/ZAMORA-EN-SALTA-1.jpg?w=1920 1920w\" data-sizes=\"(max-width: 640px) 100vw, 640px\" src=\"data:image\/svg+xml;base64,PHN2ZyB3aWR0aD0iMSIgaGVpZ2h0PSIxIiB4bWxucz0iaHR0cDovL3d3dy53My5vcmcvMjAwMC9zdmciPjwvc3ZnPg==\" style=\"--smush-placeholder-width: 640px; --smush-placeholder-aspect-ratio: 640\/445;\" \/><\/a><\/figure>\n\n\n\n<p>Previamente&nbsp;<strong>se realizaron las ofrendas florales, la invocaci\u00f3n religiosa y el toque de silencio en el Pante\u00f3n de las Glorias del Norte de la Catedral Bas\u00edlica.<\/strong><\/p>\n\n\n\n<figure class=\"wp-block-image size-large\"><a href=\"https:\/\/i0.wp.com\/elterritorialweb.com.ar\/web\/wp-content\/uploads\/2024\/06\/ZAMORA-EN-SALTA-2.jpg\"><img data-recalc-dims=\"1\" decoding=\"async\" width=\"640\" height=\"480\" data-src=\"https:\/\/i0.wp.com\/elterritorialweb.com.ar\/web\/wp-content\/uploads\/2024\/06\/ZAMORA-EN-SALTA-2.jpg?resize=640%2C480\" alt=\"\" class=\"wp-image-67044 lazyload\" data-srcset=\"https:\/\/i0.wp.com\/elterritorialweb.com.ar\/web\/wp-content\/uploads\/2024\/06\/ZAMORA-EN-SALTA-2.jpg?resize=1024%2C768&amp;ssl=1 1024w, https:\/\/i0.wp.com\/elterritorialweb.com.ar\/web\/wp-content\/uploads\/2024\/06\/ZAMORA-EN-SALTA-2.jpg?resize=300%2C225&amp;ssl=1 300w, https:\/\/i0.wp.com\/elterritorialweb.com.ar\/web\/wp-content\/uploads\/2024\/06\/ZAMORA-EN-SALTA-2.jpg?resize=768%2C576&amp;ssl=1 768w, https:\/\/i0.wp.com\/elterritorialweb.com.ar\/web\/wp-content\/uploads\/2024\/06\/ZAMORA-EN-SALTA-2.jpg?resize=1536%2C1152&amp;ssl=1 1536w, https:\/\/i0.wp.com\/elterritorialweb.com.ar\/web\/wp-content\/uploads\/2024\/06\/ZAMORA-EN-SALTA-2.jpg?w=2048&amp;ssl=1 2048w, https:\/\/i0.wp.com\/elterritorialweb.com.ar\/web\/wp-content\/uploads\/2024\/06\/ZAMORA-EN-SALTA-2.jpg?w=1280 1280w, https:\/\/i0.wp.com\/elterritorialweb.com.ar\/web\/wp-content\/uploads\/2024\/06\/ZAMORA-EN-SALTA-2.jpg?w=1920 1920w\" data-sizes=\"(max-width: 640px) 100vw, 640px\" src=\"data:image\/svg+xml;base64,PHN2ZyB3aWR0aD0iMSIgaGVpZ2h0PSIxIiB4bWxucz0iaHR0cDovL3d3dy53My5vcmcvMjAwMC9zdmciPjwvc3ZnPg==\" style=\"--smush-placeholder-width: 640px; --smush-placeholder-aspect-ratio: 640\/480;\" \/><\/a><\/figure>\n\n\n\n<p>El gobernador&nbsp;<strong>Zamora<\/strong>, junto a otras autoridades locales, participan activamente en estos actos, destacando la importancia de recordar y honrar a los h\u00e9roes que forjaron la independencia de Argentina. La presencia del&nbsp;<strong>mandatario provincial&nbsp;<\/strong>en este evento resalta los lazos hist\u00f3ricos y culturales que unen a las provincias del&nbsp;<strong>norte argentino<\/strong>&nbsp;en la conmemoraci\u00f3n de sus&nbsp;<strong>pr\u00f3ceres<\/strong>.<\/p>\n","protected":false},"excerpt":{"rendered":"<p>El gobernador Gerardo Zamora particip\u00f3 este lunes del acto por el 203\u00b0 aniversario del Paso a la Inmortalidad del General Mart\u00edn Miguel de G\u00fcemes, en la ciudad de Salta.<\/p>\n","protected":false},"author":2,"featured_media":67043,"comment_status":"open","ping_status":"open","sticky":false,"template":"","format":"standard","meta":{"om_disable_all_campaigns":false,"_monsterinsights_skip_tracking":false,"_monsterinsights_sitenote_active":false,"_monsterinsights_sitenote_note":"","_monsterinsights_sitenote_category":0,"_uf_show_specific_survey":0,"_uf_disable_surveys":false,"jetpack_post_was_ever_published":false,"_jetpack_newsletter_access":"","_jetpack_dont_email_post_to_subs":false,"_jetpack_newsletter_tier_id":0,"_jetpack_memberships_contains_paywalled_content":false,"_jetpack_memberships_contains_paid_content":false,"footnotes":"","jetpack_publicize_message":"","jetpack_publicize_feature_enabled":true,"jetpack_social_post_already_shared":false,"jetpack_social_options":{"image_generator_settings":{"template":"highway","default_image_id":0,"font":"","enabled":false},"version":2}},"categories":[4,21],"tags":[59],"class_list":["post-67041","post","type-post","status-publish","format-standard","has-post-thumbnail","hentry","category-destacadas","category-locales","tag-gerardo-zamora"],"aioseo_notices":[],"views":10,"jetpack_publicize_connections":[],"jetpack_featured_media_url":"https:\/\/i0.wp.com\/elterritorialweb.com.ar\/web\/wp-content\/uploads\/2024\/06\/ZAMORA-EN-SALTA.jpg?fit=2048%2C1536&ssl=1","jetpack_sharing_enabled":true,"_links":{"self":[{"href":"https:\/\/elterritorialweb.com.ar\/web\/wp-json\/wp\/v2\/posts\/67041","targetHints":{"allow":["GET"]}}],"collection":[{"href":"https:\/\/elterritorialweb.com.ar\/web\/wp-json\/wp\/v2\/posts"}],"about":[{"href":"https:\/\/elterritorialweb.com.ar\/web\/wp-json\/wp\/v2\/types\/post"}],"author":[{"embeddable":true,"href":"https:\/\/elterritorialweb.com.ar\/web\/wp-json\/wp\/v2\/users\/2"}],"replies":[{"embeddable":true,"href":"https:\/\/elterritorialweb.com.ar\/web\/wp-json\/wp\/v2\/comments?post=67041"}],"version-history":[{"count":1,"href":"https:\/\/elterritorialweb.com.ar\/web\/wp-json\/wp\/v2\/posts\/67041\/revisions"}],"predecessor-version":[{"id":67045,"href":"https:\/\/elterritorialweb.com.ar\/web\/wp-json\/wp\/v2\/posts\/67041\/revisions\/67045"}],"wp:featuredmedia":[{"embeddable":true,"href":"https:\/\/elterritorialweb.com.ar\/web\/wp-json\/wp\/v2\/media\/67043"}],"wp:attachment":[{"href":"https:\/\/elterritorialweb.com.ar\/web\/wp-json\/wp\/v2\/media?parent=67041"}],"wp:term":[{"taxonomy":"category","embeddable":true,"href":"https:\/\/elterritorialweb.com.ar\/web\/wp-json\/wp\/v2\/categories?post=67041"},{"taxonomy":"post_tag","embeddable":true,"href":"https:\/\/elterritorialweb.com.ar\/web\/wp-json\/wp\/v2\/tags?post=67041"}],"curies":[{"name":"wp","href":"https:\/\/api.w.org\/{rel}","templated":true}]}}