{"id":67046,"date":"2024-06-17T17:52:35","date_gmt":"2024-06-17T17:52:35","guid":{"rendered":"http:\/\/elterritorialweb.com.ar\/web\/?p=67046"},"modified":"2024-06-17T17:52:42","modified_gmt":"2024-06-17T17:52:42","slug":"el-santiagueno-maximo-cordoba-vizcarra-se-corono-campeon-nacional-de-natacion","status":"publish","type":"post","link":"https:\/\/elterritorialweb.com.ar\/web\/el-santiagueno-maximo-cordoba-vizcarra-se-corono-campeon-nacional-de-natacion\/","title":{"rendered":"EL SANTIAGUE\u00d1O M\u00c1XIMO C\u00d3RDOBA VIZCARRA SE CORON\u00d3 CAMPE\u00d3N NACIONAL DE NATACI\u00d3N"},"content":{"rendered":"\n<p>El deportista perteneciente al equipo del&nbsp;<strong>Natatorio Ol\u00edmpico Madre de Ciudades<\/strong>, fue el campe\u00f3n con un registro de&nbsp;<strong>1\u2019 09\u201d 90 cent\u00e9simas<\/strong>. Con este segundo campeonato obtenido por&nbsp;<strong>M\u00e1ximo C\u00f3rdoba Vizcarra<\/strong>, se confirma el posicionamiento alcanzado por el equipo del&nbsp;<strong>Natatorio Ol\u00edmpico Madre de Ciudades a nivel nacional<\/strong>, ya que en cada oportunidad posible demuestran el crecimiento de la&nbsp;<strong>nataci\u00f3n Santiague\u00f1a<\/strong>.<\/p>\n\n\n\n<p>La directora del Natatorio&nbsp;<strong>Lic. Josefina Bandrowsky<\/strong>&nbsp;y entrenadora principal de la entidad destac\u00f3 la actuaci\u00f3n de&nbsp;<strong>M\u00e1ximo<\/strong>, quien con su doble&nbsp;<strong>Campeonato&nbsp;<\/strong>pasa a integrar el selecto grupo provincial de&nbsp;<strong>Dobles Campeones Nacionales<\/strong>&nbsp;en una misma competici\u00f3n, junto a&nbsp;<strong>Mat\u00edas Sosa Gonz\u00e1lez y Santiago Paz Mart\u00ednez.<\/strong><\/p>\n","protected":false},"excerpt":{"rendered":"<p>En la \u00faltima jornada del\u00a0Campeonato Nacional de Nataci\u00f3n\u00a0para categor\u00edas\u00a0Infantiles y Menores\u00a0que se realiza en el\u00a0Parque Ol\u00edmpico de la Juventud de la ciudad de Buenos Aires, el nadador santiague\u00f1o\u00a0M\u00e1ximo C\u00f3rdoba Vizcarra\u00a0obtuvo su segunda\u00a0medalla dorada\u00a0al consagrarse\u00a0Campe\u00f3n Nacional en los 100 mts estilo Espalda.<\/p>\n","protected":false},"author":2,"featured_media":67047,"comment_status":"open","ping_status":"open","sticky":false,"template":"","format":"standard","meta":{"om_disable_all_campaigns":false,"_monsterinsights_skip_tracking":false,"_monsterinsights_sitenote_active":false,"_monsterinsights_sitenote_note":"","_monsterinsights_sitenote_category":0,"_uf_show_specific_survey":0,"_uf_disable_surveys":false,"jetpack_post_was_ever_published":false,"_jetpack_newsletter_access":"","_jetpack_dont_email_post_to_subs":false,"_jetpack_newsletter_tier_id":0,"_jetpack_memberships_contains_paywalled_content":false,"_jetpack_memberships_contains_paid_content":false,"footnotes":"","jetpack_publicize_message":"","jetpack_publicize_feature_enabled":true,"jetpack_social_post_already_shared":false,"jetpack_social_options":{"image_generator_settings":{"template":"highway","default_image_id":0,"font":"","enabled":false},"version":2}},"categories":[6],"tags":[559],"class_list":["post-67046","post","type-post","status-publish","format-standard","has-post-thumbnail","hentry","category-deportes","tag-natatorio-madre-de-v-dre-de-ciudades"],"aioseo_notices":[],"views":14,"jetpack_publicize_connections":[],"jetpack_featured_media_url":"https:\/\/i0.wp.com\/elterritorialweb.com.ar\/web\/wp-content\/uploads\/2024\/06\/MAXIMO-CORDOBA-VIZCARRA.jpg?fit=1491%2C1360&ssl=1","jetpack_sharing_enabled":true,"_links":{"self":[{"href":"https:\/\/elterritorialweb.com.ar\/web\/wp-json\/wp\/v2\/posts\/67046","targetHints":{"allow":["GET"]}}],"collection":[{"href":"https:\/\/elterritorialweb.com.ar\/web\/wp-json\/wp\/v2\/posts"}],"about":[{"href":"https:\/\/elterritorialweb.com.ar\/web\/wp-json\/wp\/v2\/types\/post"}],"author":[{"embeddable":true,"href":"https:\/\/elterritorialweb.com.ar\/web\/wp-json\/wp\/v2\/users\/2"}],"replies":[{"embeddable":true,"href":"https:\/\/elterritorialweb.com.ar\/web\/wp-json\/wp\/v2\/comments?post=67046"}],"version-history":[{"count":1,"href":"https:\/\/elterritorialweb.com.ar\/web\/wp-json\/wp\/v2\/posts\/67046\/revisions"}],"predecessor-version":[{"id":67048,"href":"https:\/\/elterritorialweb.com.ar\/web\/wp-json\/wp\/v2\/posts\/67046\/revisions\/67048"}],"wp:featuredmedia":[{"embeddable":true,"href":"https:\/\/elterritorialweb.com.ar\/web\/wp-json\/wp\/v2\/media\/67047"}],"wp:attachment":[{"href":"https:\/\/elterritorialweb.com.ar\/web\/wp-json\/wp\/v2\/media?parent=67046"}],"wp:term":[{"taxonomy":"category","embeddable":true,"href":"https:\/\/elterritorialweb.com.ar\/web\/wp-json\/wp\/v2\/categories?post=67046"},{"taxonomy":"post_tag","embeddable":true,"href":"https:\/\/elterritorialweb.com.ar\/web\/wp-json\/wp\/v2\/tags?post=67046"}],"curies":[{"name":"wp","href":"https:\/\/api.w.org\/{rel}","templated":true}]}}