{"id":67049,"date":"2024-06-17T20:08:40","date_gmt":"2024-06-17T20:08:40","guid":{"rendered":"http:\/\/elterritorialweb.com.ar\/web\/?p=67049"},"modified":"2024-06-17T20:08:47","modified_gmt":"2024-06-17T20:08:47","slug":"nediani-encabezo-el-acto-por-el-203-aniversario-del-paso-a-la-inmortalidad-del-general-guemes","status":"publish","type":"post","link":"https:\/\/elterritorialweb.com.ar\/web\/nediani-encabezo-el-acto-por-el-203-aniversario-del-paso-a-la-inmortalidad-del-general-guemes\/","title":{"rendered":"NEDIANI ENCABEZ\u00d3 EL ACTO POR EL 203\u00b0 ANIVERSARIO DEL PASO A LA INMORTALIDAD DEL GENERAL G\u00dcEMES"},"content":{"rendered":"\n<p>El <strong>acto<\/strong> tuvo lugar en la <strong>plazoleta<\/strong> ubicada en <strong>avenida San Mart\u00edn <\/strong>donde se encuentra ubicado el busto del pr\u00f3cer e inicio con la <strong>entonaci\u00f3n del Himno Nacional<\/strong> y la <strong>colocaci\u00f3n de ofrendas florales.<\/strong><\/p>\n\n\n\n<p>En la oportunidad, el intendente <strong>Roger Nediani<\/strong> estuvo acompa\u00f1ado por el viceintendente <strong>Gabriel Santill\u00e1n<\/strong>; el secretario de Coordinaci\u00f3n y Desarrollo Territorial, <strong>Mat\u00edas Nediani<\/strong>; la secretaria de Comunicaci\u00f3n, <strong>Fernanda Raschi<\/strong>; el secretario de Econom\u00eda, <strong>Javier Alexandro<\/strong>; el secretario de Obras P\u00fablicas, <strong>Cristian Alzamora<\/strong>; la subsecretaria de Educaci\u00f3n y Cultura, <strong>Alejandra Far\u00edas<\/strong>; el concejal <strong>Miguel Montenegro<\/strong> y dem\u00e1s autoridades del Departamento Ejecutivo Municipal.<\/p>\n\n\n\n<p>Asimismo participaron de esta actividad el presidente del <strong>Centro G\u00fcemesiano \u201cInfernales\u201d,<\/strong> Osvaldo Casta\u00f1ares; adem\u00e1s de los miembros de la <strong>Asociaci\u00f3n Civil Cultural Sanmartiniana<\/strong>; del <strong>Instituto Belgraniano<\/strong>; del <strong>Instituto Browniano<\/strong>; del <strong>\u00abCentro Cultural Homero Manzi\u00bb;<\/strong> del <strong>Centro de Malvinizadores Santiague\u00f1os;<\/strong> del <strong>Rotary Club La Banda<\/strong>; del <strong>Club de Leones \u00abJorge Washington \u00c1balos\u00bb; <\/strong>de <strong>Gendarmer\u00eda Nacional Agrupaci\u00f3n XVII Santiago del Estero<\/strong>; del <strong>Destacamento M\u00f3vil V;<\/strong> y del <strong>Ej\u00e9rcito Argentino<\/strong>.<\/p>\n\n\n\n<figure class=\"wp-block-image size-large\"><a href=\"https:\/\/i0.wp.com\/elterritorialweb.com.ar\/web\/wp-content\/uploads\/2024\/06\/IMG-20240617-WA0021.jpg\"><img data-recalc-dims=\"1\" decoding=\"async\" width=\"640\" height=\"444\" data-src=\"https:\/\/i0.wp.com\/elterritorialweb.com.ar\/web\/wp-content\/uploads\/2024\/06\/IMG-20240617-WA0021.jpg?resize=640%2C444\" alt=\"\" class=\"wp-image-67051 lazyload\" data-srcset=\"https:\/\/i0.wp.com\/elterritorialweb.com.ar\/web\/wp-content\/uploads\/2024\/06\/IMG-20240617-WA0021.jpg?resize=1024%2C710&amp;ssl=1 1024w, https:\/\/i0.wp.com\/elterritorialweb.com.ar\/web\/wp-content\/uploads\/2024\/06\/IMG-20240617-WA0021.jpg?resize=300%2C208&amp;ssl=1 300w, https:\/\/i0.wp.com\/elterritorialweb.com.ar\/web\/wp-content\/uploads\/2024\/06\/IMG-20240617-WA0021.jpg?resize=768%2C533&amp;ssl=1 768w, https:\/\/i0.wp.com\/elterritorialweb.com.ar\/web\/wp-content\/uploads\/2024\/06\/IMG-20240617-WA0021.jpg?w=1280&amp;ssl=1 1280w\" data-sizes=\"(max-width: 640px) 100vw, 640px\" src=\"data:image\/svg+xml;base64,PHN2ZyB3aWR0aD0iMSIgaGVpZ2h0PSIxIiB4bWxucz0iaHR0cDovL3d3dy53My5vcmcvMjAwMC9zdmciPjwvc3ZnPg==\" style=\"--smush-placeholder-width: 640px; --smush-placeholder-aspect-ratio: 640\/444;\" \/><\/a><\/figure>\n\n\n\n<p>Finalmente, <strong>Nediani<\/strong> manifest\u00f3: <em>\u201cHoy se conmemoran 203 a\u00f1os del paso a la inmortalidad del General G\u00fcemes, un hombre que supo defender las fronteras del norte argentino y lucho incansablemente para colaborar con la campa\u00f1a que llevaba delante el Gral. San Mart\u00edn. G\u00fcemes con su amor a la Patria desde muy joven forj\u00f3 el car\u00e1cter y las actitudes que requer\u00eda nuestro pa\u00eds en esos momentos cruciales\u201d.<\/em><\/p>\n\n\n\n<p><em>\u201cAprovechamos est\u00e1 fecha para reflexionar sobre su legado de lucha y perseverancia, sin buscar la gloria ni el reconocimiento de nadie y es un mensaje claro para los hombres del norte para defender el federalismo y la verdadera libertad para todo el pa\u00eds y no solo para unos pocos\u00bb, <\/em>finaliz\u00f3 Nediani.<\/p>\n","protected":false},"excerpt":{"rendered":"<p>En la ma\u00f1ana del lunes, el intendente Ing. Roger Nediani presidi\u00f3 el acto simb\u00f3lico y conmemorativo por el 203\u00b0 aniversario del fallecimiento de Mart\u00edn Miguel de G\u00fcemes, en el que estuvieron presentes autoridades de la comuna, concejales y representantes de las instituciones hist\u00f3ricas de la ciudad de La Banda.<\/p>\n","protected":false},"author":2,"featured_media":67050,"comment_status":"open","ping_status":"open","sticky":false,"template":"","format":"standard","meta":{"om_disable_all_campaigns":false,"_monsterinsights_skip_tracking":false,"_monsterinsights_sitenote_active":false,"_monsterinsights_sitenote_note":"","_monsterinsights_sitenote_category":0,"_uf_show_specific_survey":0,"_uf_disable_surveys":false,"jetpack_post_was_ever_published":false,"_jetpack_newsletter_access":"","_jetpack_dont_email_post_to_subs":false,"_jetpack_newsletter_tier_id":0,"_jetpack_memberships_contains_paywalled_content":false,"_jetpack_memberships_contains_paid_content":false,"footnotes":"","jetpack_publicize_message":"","jetpack_publicize_feature_enabled":true,"jetpack_social_post_already_shared":false,"jetpack_social_options":{"image_generator_settings":{"template":"highway","default_image_id":0,"font":"","enabled":false},"version":2}},"categories":[9,4],"tags":[71,51],"class_list":["post-67049","post","type-post","status-publish","format-standard","has-post-thumbnail","hentry","category-banda","category-destacadas","tag-municipalidad-de-la-banda","tag-roger-nediani"],"aioseo_notices":[],"views":12,"jetpack_publicize_connections":[],"jetpack_featured_media_url":"https:\/\/i0.wp.com\/elterritorialweb.com.ar\/web\/wp-content\/uploads\/2024\/06\/IMG-20240617-WA0020.jpg?fit=1280%2C851&ssl=1","jetpack_sharing_enabled":true,"_links":{"self":[{"href":"https:\/\/elterritorialweb.com.ar\/web\/wp-json\/wp\/v2\/posts\/67049","targetHints":{"allow":["GET"]}}],"collection":[{"href":"https:\/\/elterritorialweb.com.ar\/web\/wp-json\/wp\/v2\/posts"}],"about":[{"href":"https:\/\/elterritorialweb.com.ar\/web\/wp-json\/wp\/v2\/types\/post"}],"author":[{"embeddable":true,"href":"https:\/\/elterritorialweb.com.ar\/web\/wp-json\/wp\/v2\/users\/2"}],"replies":[{"embeddable":true,"href":"https:\/\/elterritorialweb.com.ar\/web\/wp-json\/wp\/v2\/comments?post=67049"}],"version-history":[{"count":1,"href":"https:\/\/elterritorialweb.com.ar\/web\/wp-json\/wp\/v2\/posts\/67049\/revisions"}],"predecessor-version":[{"id":67052,"href":"https:\/\/elterritorialweb.com.ar\/web\/wp-json\/wp\/v2\/posts\/67049\/revisions\/67052"}],"wp:featuredmedia":[{"embeddable":true,"href":"https:\/\/elterritorialweb.com.ar\/web\/wp-json\/wp\/v2\/media\/67050"}],"wp:attachment":[{"href":"https:\/\/elterritorialweb.com.ar\/web\/wp-json\/wp\/v2\/media?parent=67049"}],"wp:term":[{"taxonomy":"category","embeddable":true,"href":"https:\/\/elterritorialweb.com.ar\/web\/wp-json\/wp\/v2\/categories?post=67049"},{"taxonomy":"post_tag","embeddable":true,"href":"https:\/\/elterritorialweb.com.ar\/web\/wp-json\/wp\/v2\/tags?post=67049"}],"curies":[{"name":"wp","href":"https:\/\/api.w.org\/{rel}","templated":true}]}}