{"id":67054,"date":"2024-06-18T00:46:08","date_gmt":"2024-06-18T00:46:08","guid":{"rendered":"http:\/\/elterritorialweb.com.ar\/web\/?p=67054"},"modified":"2024-06-18T01:37:29","modified_gmt":"2024-06-18T01:37:29","slug":"maki-rojas-estrena-cumbia-para-vos-grabada-en-el-estadio-unico","status":"publish","type":"post","link":"https:\/\/elterritorialweb.com.ar\/web\/maki-rojas-estrena-cumbia-para-vos-grabada-en-el-estadio-unico\/","title":{"rendered":"MAKI ROJAS ESTRENA \u00abCUMBIA PARA VOS\u201d GRABADA EN EL ESTADIO \u00daNICO"},"content":{"rendered":"\n<p>La combinaci\u00f3n entre lo musical y visual es la estrella de este trabajo grabado en el Estadio \u00danico \u00abMadre de Ciudades\u00bb.<\/p>\n\n\n\n<p>Por primera vez un videoclip con producci\u00f3n local tiene c\u00f3mo protagonista al espacio ic\u00f3nico de la provincia y pa\u00eds.<\/p>\n\n\n\n<figure class=\"wp-block-gallery has-nested-images columns-default is-cropped wp-block-gallery-1 is-layout-flex wp-block-gallery-is-layout-flex\">\n<figure class=\"wp-block-image size-large\"><a href=\"https:\/\/i0.wp.com\/elterritorialweb.com.ar\/web\/wp-content\/uploads\/2024\/06\/IMG-20240617-WA0024.jpg\"><img data-recalc-dims=\"1\" decoding=\"async\" width=\"576\" height=\"1024\" data-id=\"67057\" data-src=\"https:\/\/i0.wp.com\/elterritorialweb.com.ar\/web\/wp-content\/uploads\/2024\/06\/IMG-20240617-WA0024.jpg?resize=576%2C1024\" alt=\"\" class=\"wp-image-67057 lazyload\" data-srcset=\"https:\/\/i0.wp.com\/elterritorialweb.com.ar\/web\/wp-content\/uploads\/2024\/06\/IMG-20240617-WA0024.jpg?resize=576%2C1024&amp;ssl=1 576w, https:\/\/i0.wp.com\/elterritorialweb.com.ar\/web\/wp-content\/uploads\/2024\/06\/IMG-20240617-WA0024.jpg?resize=169%2C300&amp;ssl=1 169w, https:\/\/i0.wp.com\/elterritorialweb.com.ar\/web\/wp-content\/uploads\/2024\/06\/IMG-20240617-WA0024.jpg?resize=768%2C1365&amp;ssl=1 768w, https:\/\/i0.wp.com\/elterritorialweb.com.ar\/web\/wp-content\/uploads\/2024\/06\/IMG-20240617-WA0024.jpg?w=828&amp;ssl=1 828w\" data-sizes=\"(max-width: 576px) 100vw, 576px\" src=\"data:image\/svg+xml;base64,PHN2ZyB3aWR0aD0iMSIgaGVpZ2h0PSIxIiB4bWxucz0iaHR0cDovL3d3dy53My5vcmcvMjAwMC9zdmciPjwvc3ZnPg==\" style=\"--smush-placeholder-width: 576px; --smush-placeholder-aspect-ratio: 576\/1024;\" \/><\/a><\/figure>\n\n\n\n<figure class=\"wp-block-image size-large\"><a href=\"https:\/\/i0.wp.com\/elterritorialweb.com.ar\/web\/wp-content\/uploads\/2024\/06\/IMG-20240617-WA0030.jpg\"><img data-recalc-dims=\"1\" decoding=\"async\" width=\"640\" height=\"853\" data-id=\"67056\" data-src=\"https:\/\/i0.wp.com\/elterritorialweb.com.ar\/web\/wp-content\/uploads\/2024\/06\/IMG-20240617-WA0030.jpg?resize=640%2C853\" alt=\"\" class=\"wp-image-67056 lazyload\" data-srcset=\"https:\/\/i0.wp.com\/elterritorialweb.com.ar\/web\/wp-content\/uploads\/2024\/06\/IMG-20240617-WA0030.jpg?resize=768%2C1024&amp;ssl=1 768w, https:\/\/i0.wp.com\/elterritorialweb.com.ar\/web\/wp-content\/uploads\/2024\/06\/IMG-20240617-WA0030.jpg?resize=225%2C300&amp;ssl=1 225w, https:\/\/i0.wp.com\/elterritorialweb.com.ar\/web\/wp-content\/uploads\/2024\/06\/IMG-20240617-WA0030.jpg?resize=1152%2C1536&amp;ssl=1 1152w, https:\/\/i0.wp.com\/elterritorialweb.com.ar\/web\/wp-content\/uploads\/2024\/06\/IMG-20240617-WA0030.jpg?resize=1024%2C1365&amp;ssl=1 1024w, https:\/\/i0.wp.com\/elterritorialweb.com.ar\/web\/wp-content\/uploads\/2024\/06\/IMG-20240617-WA0030.jpg?w=1200&amp;ssl=1 1200w\" data-sizes=\"(max-width: 640px) 100vw, 640px\" src=\"data:image\/svg+xml;base64,PHN2ZyB3aWR0aD0iMSIgaGVpZ2h0PSIxIiB4bWxucz0iaHR0cDovL3d3dy53My5vcmcvMjAwMC9zdmciPjwvc3ZnPg==\" style=\"--smush-placeholder-width: 640px; --smush-placeholder-aspect-ratio: 640\/853;\" \/><\/a><\/figure>\n<\/figure>\n\n\n\n<p>\u00abCumbia para vos\u00bb es un enganchado de cumbias seleccionadas especialmente por Maki. Trabajado junto a los m\u00fasicos Ivan Castillo, Nacho Su\u00e1rez, Ariel Herrera y Luciano Llanos; el estreno ser\u00e1 a trav\u00e9s de la Plataforma Digital YouTube, en la cuenta :<a href=\"https:\/\/youtube.com\/@makirojas?si=6GX0ZWaMvAMP105W\">https:\/\/youtube.com\/@makirojas?si=6GX0ZWaMvAMP105W<\/a>.<\/p>\n\n\n\n<p>Nuevamente la artista bande\u00f1a Maki, sorprende y apuesta con una producci\u00f3n de primer nivel para disfrutar de principio a fin.<\/p>\n","protected":false},"excerpt":{"rendered":"<p>Con un gran despliegue y puesta en escena, Maki Rojas estrena el 20 de junio su nueva producci\u00f3n \u00abCumbia para vos\u00bb.<\/p>\n","protected":false},"author":2,"featured_media":67055,"comment_status":"open","ping_status":"open","sticky":false,"template":"","format":"standard","meta":{"om_disable_all_campaigns":false,"_monsterinsights_skip_tracking":false,"_monsterinsights_sitenote_active":false,"_monsterinsights_sitenote_note":"","_monsterinsights_sitenote_category":0,"_uf_show_specific_survey":0,"_uf_disable_surveys":false,"jetpack_post_was_ever_published":false,"_jetpack_newsletter_access":"","_jetpack_dont_email_post_to_subs":false,"_jetpack_newsletter_tier_id":0,"_jetpack_memberships_contains_paywalled_content":false,"_jetpack_memberships_contains_paid_content":false,"footnotes":"","jetpack_publicize_message":"","jetpack_publicize_feature_enabled":true,"jetpack_social_post_already_shared":false,"jetpack_social_options":{"image_generator_settings":{"template":"highway","default_image_id":0,"font":"","enabled":false},"version":2}},"categories":[20],"tags":[],"class_list":["post-67054","post","type-post","status-publish","format-standard","has-post-thumbnail","hentry","category-especysociales"],"aioseo_notices":[],"views":101,"jetpack_publicize_connections":[],"jetpack_featured_media_url":"https:\/\/i0.wp.com\/elterritorialweb.com.ar\/web\/wp-content\/uploads\/2024\/06\/IMG-20240617-WA0025.jpg?fit=828%2C605&ssl=1","jetpack_sharing_enabled":true,"_links":{"self":[{"href":"https:\/\/elterritorialweb.com.ar\/web\/wp-json\/wp\/v2\/posts\/67054","targetHints":{"allow":["GET"]}}],"collection":[{"href":"https:\/\/elterritorialweb.com.ar\/web\/wp-json\/wp\/v2\/posts"}],"about":[{"href":"https:\/\/elterritorialweb.com.ar\/web\/wp-json\/wp\/v2\/types\/post"}],"author":[{"embeddable":true,"href":"https:\/\/elterritorialweb.com.ar\/web\/wp-json\/wp\/v2\/users\/2"}],"replies":[{"embeddable":true,"href":"https:\/\/elterritorialweb.com.ar\/web\/wp-json\/wp\/v2\/comments?post=67054"}],"version-history":[{"count":2,"href":"https:\/\/elterritorialweb.com.ar\/web\/wp-json\/wp\/v2\/posts\/67054\/revisions"}],"predecessor-version":[{"id":67059,"href":"https:\/\/elterritorialweb.com.ar\/web\/wp-json\/wp\/v2\/posts\/67054\/revisions\/67059"}],"wp:featuredmedia":[{"embeddable":true,"href":"https:\/\/elterritorialweb.com.ar\/web\/wp-json\/wp\/v2\/media\/67055"}],"wp:attachment":[{"href":"https:\/\/elterritorialweb.com.ar\/web\/wp-json\/wp\/v2\/media?parent=67054"}],"wp:term":[{"taxonomy":"category","embeddable":true,"href":"https:\/\/elterritorialweb.com.ar\/web\/wp-json\/wp\/v2\/categories?post=67054"},{"taxonomy":"post_tag","embeddable":true,"href":"https:\/\/elterritorialweb.com.ar\/web\/wp-json\/wp\/v2\/tags?post=67054"}],"curies":[{"name":"wp","href":"https:\/\/api.w.org\/{rel}","templated":true}]}}