{"id":67069,"date":"2024-06-18T18:33:58","date_gmt":"2024-06-18T18:33:58","guid":{"rendered":"http:\/\/elterritorialweb.com.ar\/web\/?p=67069"},"modified":"2024-06-18T18:34:01","modified_gmt":"2024-06-18T18:34:01","slug":"el-intendente-nediani-recibio-a-representantes-del-centro-de-comercio-e-insdustria","status":"publish","type":"post","link":"https:\/\/elterritorialweb.com.ar\/web\/el-intendente-nediani-recibio-a-representantes-del-centro-de-comercio-e-insdustria\/","title":{"rendered":"EL INTENDENTE NEDIANI RECIBI\u00d3 A REPRESENTANTES DEL CENTRO DE COMERCIO E INSDUSTRIA"},"content":{"rendered":"\n<p>Durante el encuentro, el jefe comunal dialog\u00f3 con los representantes de los comerciantes locales sobre diversas problem\u00e1ticas que afectan tanto al sector comercial como a los consumidores, con el objetivo de buscar soluciones conjuntas.<br>Entre los temas abordados, se discutieron varios proyectos destinados a mejorar la transitabilidad y la seguridad en la ciudad, as\u00ed como otras iniciativas relevantes para la comunidad.<br>Estas acciones buscan no solo beneficiar a los comerciantes locales, sino tambi\u00e9n mejorar la calidad de vida de los vecinos que eligen a La Banda como su lugar de residencia y actividad.<br>El intendente Nediani subray\u00f3 la importancia de mantener un di\u00e1logo constante y fluido con el sector comercial para identificar y resolver las problem\u00e1ticas que enfrentan, destacando la relevancia de trabajar en equipo para el desarrollo y crecimiento de la ciudad.<br>La reuni\u00f3n concluy\u00f3 con el compromiso de ambas partes de seguir colaborando estrechamente para implementar las soluciones y proyectos discutidos, asegurando un impacto positivo tanto para los comerciantes como para los ciudadanos de La Banda.<\/p>\n","protected":false},"excerpt":{"rendered":"<p>El Intendente de la ciudad de La Banda, Ing. Roger Elias Nediani, recibi\u00f3 a las autoridades y representantes del Centro de Comercio e Industria local en una reuni\u00f3n que destac\u00f3 por su car\u00e1cter ameno y productivo.<\/p>\n","protected":false},"author":2,"featured_media":67070,"comment_status":"open","ping_status":"open","sticky":false,"template":"","format":"standard","meta":{"om_disable_all_campaigns":false,"_monsterinsights_skip_tracking":false,"_monsterinsights_sitenote_active":false,"_monsterinsights_sitenote_note":"","_monsterinsights_sitenote_category":0,"_uf_show_specific_survey":0,"_uf_disable_surveys":false,"jetpack_post_was_ever_published":false,"_jetpack_newsletter_access":"","_jetpack_dont_email_post_to_subs":false,"_jetpack_newsletter_tier_id":0,"_jetpack_memberships_contains_paywalled_content":false,"_jetpack_memberships_contains_paid_content":false,"footnotes":"","jetpack_publicize_message":"","jetpack_publicize_feature_enabled":true,"jetpack_social_post_already_shared":false,"jetpack_social_options":{"image_generator_settings":{"template":"highway","default_image_id":0,"font":"","enabled":false},"version":2}},"categories":[9],"tags":[71,51],"class_list":["post-67069","post","type-post","status-publish","format-standard","has-post-thumbnail","hentry","category-banda","tag-municipalidad-de-la-banda","tag-roger-nediani"],"aioseo_notices":[],"views":13,"jetpack_publicize_connections":[],"jetpack_featured_media_url":"https:\/\/i0.wp.com\/elterritorialweb.com.ar\/web\/wp-content\/uploads\/2024\/06\/WhatsApp-Image-2024-06-18-at-13.15.17.jpeg?fit=1150%2C760&ssl=1","jetpack_sharing_enabled":true,"_links":{"self":[{"href":"https:\/\/elterritorialweb.com.ar\/web\/wp-json\/wp\/v2\/posts\/67069","targetHints":{"allow":["GET"]}}],"collection":[{"href":"https:\/\/elterritorialweb.com.ar\/web\/wp-json\/wp\/v2\/posts"}],"about":[{"href":"https:\/\/elterritorialweb.com.ar\/web\/wp-json\/wp\/v2\/types\/post"}],"author":[{"embeddable":true,"href":"https:\/\/elterritorialweb.com.ar\/web\/wp-json\/wp\/v2\/users\/2"}],"replies":[{"embeddable":true,"href":"https:\/\/elterritorialweb.com.ar\/web\/wp-json\/wp\/v2\/comments?post=67069"}],"version-history":[{"count":1,"href":"https:\/\/elterritorialweb.com.ar\/web\/wp-json\/wp\/v2\/posts\/67069\/revisions"}],"predecessor-version":[{"id":67071,"href":"https:\/\/elterritorialweb.com.ar\/web\/wp-json\/wp\/v2\/posts\/67069\/revisions\/67071"}],"wp:featuredmedia":[{"embeddable":true,"href":"https:\/\/elterritorialweb.com.ar\/web\/wp-json\/wp\/v2\/media\/67070"}],"wp:attachment":[{"href":"https:\/\/elterritorialweb.com.ar\/web\/wp-json\/wp\/v2\/media?parent=67069"}],"wp:term":[{"taxonomy":"category","embeddable":true,"href":"https:\/\/elterritorialweb.com.ar\/web\/wp-json\/wp\/v2\/categories?post=67069"},{"taxonomy":"post_tag","embeddable":true,"href":"https:\/\/elterritorialweb.com.ar\/web\/wp-json\/wp\/v2\/tags?post=67069"}],"curies":[{"name":"wp","href":"https:\/\/api.w.org\/{rel}","templated":true}]}}