{"id":67072,"date":"2024-06-18T19:11:39","date_gmt":"2024-06-18T19:11:39","guid":{"rendered":"http:\/\/elterritorialweb.com.ar\/web\/?p=67072"},"modified":"2024-06-18T19:11:41","modified_gmt":"2024-06-18T19:11:41","slug":"caputo-anuncio-que-en-mayo-hubo-un-superavit-financiero-de-mas-de-1-180-millones","status":"publish","type":"post","link":"https:\/\/elterritorialweb.com.ar\/web\/caputo-anuncio-que-en-mayo-hubo-un-superavit-financiero-de-mas-de-1-180-millones\/","title":{"rendered":"CAPUTO ANUNCI\u00d3 QUE EN MAYO HUBO UN SUPERAVIT FINANCIERO DE M\u00c1S DE $ 1.180 MILLONES"},"content":{"rendered":"\n<p>El ministro de Econom\u00eda, Luis Caputo, anuncio este martes que en mayo hubo\u00a0<strong>super\u00e1vit financiero por m\u00e1s de $1.180 millones.\u00a0<\/strong>Mediante un posteo en su cuenta de X (antes Twitter) el funcionario brind\u00f3 el reporte de las cuentas p\u00fablicas donde detall\u00f3 que \u00aben los primeros 5 meses del a\u00f1o, el Sector P\u00fablico Nacional (SPN) acumula un super\u00e1vit primario superior al 1% del PBI y un super\u00e1vit financiero de 0,4% del PBI\u00bb.<\/p>\n\n\n\n<p>\u00abEn mayo el Sector P\u00fablico Nacional registr\u00f3<strong>\u00a0super\u00e1vit financiero de $1.183.571 millones.<\/strong>\u00a0El ancla fiscal se afianza mes a mes y consolida el proceso de desinflaci\u00f3n\u00bb, public\u00f3 el funcionario. Para luego detallar que\u00a0<strong>el super\u00e1vit primario en el mismo mes fue de $2,332.205 millones.<\/strong><\/p>\n\n\n\n<figure class=\"wp-block-embed is-type-rich is-provider-twitter wp-block-embed-twitter\"><div class=\"wp-block-embed__wrapper\">\n<div class=\"embed-twitter\"><blockquote class=\"twitter-tweet\" data-width=\"550\" data-dnt=\"true\"><p lang=\"es\" dir=\"ltr\">En mayo el Sector P\u00fablico Nacional registr\u00f3 super\u00e1vit financiero de $1.183.571 millones <br>El ancla fiscal se afianza mes a mes y consolida el proceso de desinflaci\u00f3n \ud83c\udde6\ud83c\uddf7\ud83c\udde6\ud83c\uddf7\ud83c\udde6\ud83c\uddf7<br><br>\u2022Durante mayo, el Sector P\u00fablico Nacional (SPN) registr\u00f3 un super\u00e1vit primario de $2,332.205 millones y un\u2026<\/p>&mdash; totocaputo (@LuisCaputoAR) <a href=\"https:\/\/twitter.com\/LuisCaputoAR\/status\/1803119514613137556?ref_src=twsrc%5Etfw\">June 18, 2024<\/a><\/blockquote><script async src=\"https:\/\/platform.twitter.com\/widgets.js\" charset=\"utf-8\"><\/script><\/div>\n<\/div><\/figure>\n\n\n\n<p>La informaci\u00f3n da cuenta que en mayo, \u00abel gasto primario acumula una reducci\u00f3n de 31% en t\u00e9rminos reales\u00bb y los rubros que registraron las mayores bajas fueron: Gasto de Capital (-83% i.a.), Transferencias Corrientes Discrecionales a Provincias (-75% i.a.) y Resto de Gasto Corriente (-47% i.a.), \u00abque incluye otras erogaciones como las transferencias para cubrir el d\u00e9ficit de parte de las empresas p\u00fablicas.&nbsp;<strong>Estos tres rubros por si solos explicaron un tercio de la reducci\u00f3n real de las erogaciones primarias en el per\u00edodo\u00bb<\/strong>, refiri\u00f3 Caputo.<\/p>\n\n\n\n<p>Por su parte, los recursos destinados a la Asignaci\u00f3n Universal para la Protecci\u00f3n Social se incrementaron 11,5% en t\u00e9rminos reales entre enero y mayo, \u00abreflejando, junto a la Tarjeta Alimentar y el programa Primeros 1.000 d\u00edas, el refuerzo en los programas sociales que llegan a la poblaci\u00f3n m\u00e1s vulnerable sin intermediarios\u00bb, destac\u00f3 el titular del Palacio de Hacienda.<\/p>\n\n\n\n<p>En el final del posteo, Caputo destaco que \u00abes la primera vez desde 2008 que se alcanzan 5 meses consecutivos de super\u00e1vit financiero\u00bb. \u00abEste resultado se logr\u00f3 sin haberse aprobado en el per\u00edodo considerado el cap\u00edtulo fiscal de la Ley de Bases, y reafirma el compromiso del Gobierno con el equilibrio financiero en 2024\u00bb, concluy\u00f3.<\/p>\n","protected":false},"excerpt":{"rendered":"<p>Lo inform\u00f3 el ministro de Econom\u00eda, Luis Caputo, en su cuenta de X, donde detall\u00f3 que \u00aben los primeros 5 meses del a\u00f1o, el Sector P\u00fablico Nacional acumula un super\u00e1vit primario superior al 1% del PBI y un super\u00e1vit financiero de 0,4% del PBI\u00bb.<\/p>\n","protected":false},"author":2,"featured_media":65257,"comment_status":"open","ping_status":"open","sticky":false,"template":"","format":"standard","meta":{"om_disable_all_campaigns":false,"_monsterinsights_skip_tracking":false,"_monsterinsights_sitenote_active":false,"_monsterinsights_sitenote_note":"","_monsterinsights_sitenote_category":0,"_uf_show_specific_survey":0,"_uf_disable_surveys":false,"jetpack_post_was_ever_published":false,"_jetpack_newsletter_access":"","_jetpack_dont_email_post_to_subs":false,"_jetpack_newsletter_tier_id":0,"_jetpack_memberships_contains_paywalled_content":false,"_jetpack_memberships_contains_paid_content":false,"footnotes":"","jetpack_publicize_message":"","jetpack_publicize_feature_enabled":true,"jetpack_social_post_already_shared":false,"jetpack_social_options":{"image_generator_settings":{"template":"highway","default_image_id":0,"font":"","enabled":false},"version":2}},"categories":[4,7],"tags":[801],"class_list":["post-67072","post","type-post","status-publish","format-standard","has-post-thumbnail","hentry","category-destacadas","category-nacionales","tag-luis-caputo"],"aioseo_notices":[],"views":13,"jetpack_publicize_connections":[],"jetpack_featured_media_url":"https:\/\/i0.wp.com\/elterritorialweb.com.ar\/web\/wp-content\/uploads\/2024\/04\/LUIS-CAPUTO.webp?fit=600%2C337&ssl=1","jetpack_sharing_enabled":true,"_links":{"self":[{"href":"https:\/\/elterritorialweb.com.ar\/web\/wp-json\/wp\/v2\/posts\/67072","targetHints":{"allow":["GET"]}}],"collection":[{"href":"https:\/\/elterritorialweb.com.ar\/web\/wp-json\/wp\/v2\/posts"}],"about":[{"href":"https:\/\/elterritorialweb.com.ar\/web\/wp-json\/wp\/v2\/types\/post"}],"author":[{"embeddable":true,"href":"https:\/\/elterritorialweb.com.ar\/web\/wp-json\/wp\/v2\/users\/2"}],"replies":[{"embeddable":true,"href":"https:\/\/elterritorialweb.com.ar\/web\/wp-json\/wp\/v2\/comments?post=67072"}],"version-history":[{"count":1,"href":"https:\/\/elterritorialweb.com.ar\/web\/wp-json\/wp\/v2\/posts\/67072\/revisions"}],"predecessor-version":[{"id":67073,"href":"https:\/\/elterritorialweb.com.ar\/web\/wp-json\/wp\/v2\/posts\/67072\/revisions\/67073"}],"wp:featuredmedia":[{"embeddable":true,"href":"https:\/\/elterritorialweb.com.ar\/web\/wp-json\/wp\/v2\/media\/65257"}],"wp:attachment":[{"href":"https:\/\/elterritorialweb.com.ar\/web\/wp-json\/wp\/v2\/media?parent=67072"}],"wp:term":[{"taxonomy":"category","embeddable":true,"href":"https:\/\/elterritorialweb.com.ar\/web\/wp-json\/wp\/v2\/categories?post=67072"},{"taxonomy":"post_tag","embeddable":true,"href":"https:\/\/elterritorialweb.com.ar\/web\/wp-json\/wp\/v2\/tags?post=67072"}],"curies":[{"name":"wp","href":"https:\/\/api.w.org\/{rel}","templated":true}]}}