{"id":67079,"date":"2024-06-18T22:02:31","date_gmt":"2024-06-18T22:02:31","guid":{"rendered":"http:\/\/elterritorialweb.com.ar\/web\/?p=67079"},"modified":"2024-06-18T22:02:33","modified_gmt":"2024-06-18T22:02:33","slug":"este-miercoles-continuara-el-taller-para-jovenes-sobre-herramientas-de-busqueda-laboral","status":"publish","type":"post","link":"https:\/\/elterritorialweb.com.ar\/web\/este-miercoles-continuara-el-taller-para-jovenes-sobre-herramientas-de-busqueda-laboral\/","title":{"rendered":"ESTE MI\u00c9RCOLES CONTINUAR\u00c1 EL TALLER PARA J\u00d3VENES SOBRE HERRAMIENTAS DE BUSQUEDA LABORAL"},"content":{"rendered":"\n<p>La <strong>Municipalidad de la Capital<\/strong> realizar\u00e1 un nuevo <strong>taller gratuito<\/strong> sobre herramientas para la b\u00fasqueda efectiva de empleo denominado <strong>\u00abBuscando mi primer empleo\u00bb<\/strong>, destinado a <strong>j\u00f3venes de entre 18 y 35 a\u00f1os.<\/strong><\/p>\n\n\n\n<p>En<strong> la capacitaci\u00f3n<\/strong>, los asistentes aprender\u00e1n a escribir un curr\u00edculum vitae (CV) efectivo,<strong> utilizar plataformas digitales <\/strong>para su redacci\u00f3n y <strong>adquirir t\u00e9cnicas para destacarse en entrevistas laborales<\/strong>, entre otros conocimientos.<\/p>\n\n\n\n<p>La jornada contar\u00e1 tambi\u00e9n con la participaci\u00f3n de la comisi\u00f3n de<strong> j\u00f3venes profesionales del Colegio de Abogados.<\/strong><\/p>\n\n\n\n<p>Los interesados deber\u00e1n inscribirse mediante un <strong>link en las redes sociales de la Direcci\u00f3n de la Juventud<\/strong> y de la <strong>Direcci\u00f3n de Desarrollo.<\/strong><\/p>\n","protected":false},"excerpt":{"rendered":"<p>El encuentro se desarrollar\u00e1 este mi\u00e9rcoles 19 de 10 a 13 horas en la Casa Arga\u00f1araz Alcorta.<\/p>\n","protected":false},"author":2,"featured_media":67080,"comment_status":"open","ping_status":"open","sticky":false,"template":"","format":"standard","meta":{"om_disable_all_campaigns":false,"_monsterinsights_skip_tracking":false,"_monsterinsights_sitenote_active":false,"_monsterinsights_sitenote_note":"","_monsterinsights_sitenote_category":0,"_uf_show_specific_survey":0,"_uf_disable_surveys":false,"jetpack_post_was_ever_published":false,"_jetpack_newsletter_access":"","_jetpack_dont_email_post_to_subs":false,"_jetpack_newsletter_tier_id":0,"_jetpack_memberships_contains_paywalled_content":false,"_jetpack_memberships_contains_paid_content":false,"footnotes":"","jetpack_publicize_message":"","jetpack_publicize_feature_enabled":true,"jetpack_social_post_already_shared":false,"jetpack_social_options":{"image_generator_settings":{"template":"highway","default_image_id":0,"font":"","enabled":false},"version":2}},"categories":[21],"tags":[73,341],"class_list":["post-67079","post","type-post","status-publish","format-standard","has-post-thumbnail","hentry","category-locales","tag-municipalidad-de-la-capital","tag-talleres"],"aioseo_notices":[],"views":12,"jetpack_publicize_connections":[],"jetpack_featured_media_url":"https:\/\/i0.wp.com\/elterritorialweb.com.ar\/web\/wp-content\/uploads\/2024\/06\/BUSCANDO-MI-PRIMER-EMPLEO-1.jpeg?fit=985%2C575&ssl=1","jetpack_sharing_enabled":true,"_links":{"self":[{"href":"https:\/\/elterritorialweb.com.ar\/web\/wp-json\/wp\/v2\/posts\/67079","targetHints":{"allow":["GET"]}}],"collection":[{"href":"https:\/\/elterritorialweb.com.ar\/web\/wp-json\/wp\/v2\/posts"}],"about":[{"href":"https:\/\/elterritorialweb.com.ar\/web\/wp-json\/wp\/v2\/types\/post"}],"author":[{"embeddable":true,"href":"https:\/\/elterritorialweb.com.ar\/web\/wp-json\/wp\/v2\/users\/2"}],"replies":[{"embeddable":true,"href":"https:\/\/elterritorialweb.com.ar\/web\/wp-json\/wp\/v2\/comments?post=67079"}],"version-history":[{"count":1,"href":"https:\/\/elterritorialweb.com.ar\/web\/wp-json\/wp\/v2\/posts\/67079\/revisions"}],"predecessor-version":[{"id":67081,"href":"https:\/\/elterritorialweb.com.ar\/web\/wp-json\/wp\/v2\/posts\/67079\/revisions\/67081"}],"wp:featuredmedia":[{"embeddable":true,"href":"https:\/\/elterritorialweb.com.ar\/web\/wp-json\/wp\/v2\/media\/67080"}],"wp:attachment":[{"href":"https:\/\/elterritorialweb.com.ar\/web\/wp-json\/wp\/v2\/media?parent=67079"}],"wp:term":[{"taxonomy":"category","embeddable":true,"href":"https:\/\/elterritorialweb.com.ar\/web\/wp-json\/wp\/v2\/categories?post=67079"},{"taxonomy":"post_tag","embeddable":true,"href":"https:\/\/elterritorialweb.com.ar\/web\/wp-json\/wp\/v2\/tags?post=67079"}],"curies":[{"name":"wp","href":"https:\/\/api.w.org\/{rel}","templated":true}]}}