{"id":67082,"date":"2024-06-18T22:20:05","date_gmt":"2024-06-18T22:20:05","guid":{"rendered":"http:\/\/elterritorialweb.com.ar\/web\/?p=67082"},"modified":"2024-06-18T22:20:07","modified_gmt":"2024-06-18T22:20:07","slug":"la-banda-se-prepara-para-participar-de-la-marcha-de-los-bombos","status":"publish","type":"post","link":"https:\/\/elterritorialweb.com.ar\/web\/la-banda-se-prepara-para-participar-de-la-marcha-de-los-bombos\/","title":{"rendered":"LA BANDA SE PREPARA PARA PARTICIPAR DE LA \u00abMARCHA DE LOS BOMBOS\u00bb"},"content":{"rendered":"\n<p>En la reuni\u00f3n estuvieron presentes la<strong> secretaria de Gobierno, Victoria Torres<\/strong>; la <strong>subsecretaria de Educaci\u00f3n y Cultura, Alejandra Far\u00edas<\/strong> y la <strong>directora de Turismo Municipal, Graciela Rosales<\/strong> y como parte de la <strong>organizaci\u00f3n de la \u201cMarcha de los Bombos<\/strong>\u201d, <strong>Tere Castronuovo<\/strong>; la secretara de Fundaci\u00f3n del \u201cIndio Froilan\u201d,<strong> Fernanda Falco<\/strong>; en representaci\u00f3n de INTA, <strong>Jorge Abdala;<\/strong> en representaci\u00f3n del Centro Cultural \u201cLa Telesita\u201d, <strong>Patricia Ailan<\/strong>; en representaci\u00f3n de \u201cCaminos Soberanos\u201d, <strong>Rina Chami<\/strong>; entre otros.<\/p>\n\n\n\n<p>En la misma, se determin\u00f3 que la denominada <strong>\u201cColumna Banda\u201d<\/strong> partir\u00e1 el pr\u00f3ximo <strong>20 de julio a las 8 desde la Plaza Manuel Belgrano<\/strong> donde se ofrecer\u00e1 un desayuno criollo para dar la bienvenida a los turistas y vecinos que se sumen a la marcha.<\/p>\n\n\n\n<p>Al respecto, la <strong>directora de Turismo<\/strong>,<strong> Graciela Rosales<\/strong>, comparti\u00f3 detalles sobre los preparativos y la importancia de este evento para la comunidad: <em>\u00abEstamos muy emocionados de participar nuevamente en la Marcha de los Bombos. Desde el municipio, estamos involucrados no solo al \u00e1rea de Turismo, sino tambi\u00e9n las \u00e1reas de Cultura, Educaci\u00f3n, Alerta Banda y Tr\u00e1nsito. Todos estamos comprometidos con esta movida cultural que representa tanto para los santiague\u00f1os\u00bb<\/em>.<\/p>\n\n\n\n<p><em>\u201cUno de los momentos m\u00e1s esperados y emotivos de la marcha es cruzar el Puente Carretero al ritmo del latir de los bombos, para quienes participan, es una experiencia \u00fanica que conecta profundamente con nuestras ra\u00edces culturales\u201d. \u201cAdem\u00e1s, cruzar el R\u00edo Dulce y el Puente Carretero, que tantas veces ha sido fuente de inspiraci\u00f3n para nuestros artistas y referentes culturales, a\u00f1ade un toque especial y emotivo a la marcha\u00bb<\/em>, finaliz\u00f3 Rosales.<\/p>\n\n\n\n<p>Los interesados en obtener mayor informaci\u00f3n pueden consultar en las <strong>redes sociales Turismolabanda_<\/strong> o por <strong>WhatsApp al 385 4172890<\/strong>.<\/p>\n","protected":false},"excerpt":{"rendered":"<p>La Municipalidad de La Banda a trav\u00e9s de la Secretar\u00eda de Gobierno particip\u00f3 de una reuni\u00f3n con el objetivo de comenzar a organizar lo que ser\u00e1 la realizaci\u00f3n de la \u201cMarcha de los Bombos 2024\u201d que se desarrollar\u00e1 el pr\u00f3ximo 20 de julio.<\/p>\n","protected":false},"author":2,"featured_media":67083,"comment_status":"open","ping_status":"open","sticky":false,"template":"","format":"standard","meta":{"om_disable_all_campaigns":false,"_monsterinsights_skip_tracking":false,"_monsterinsights_sitenote_active":false,"_monsterinsights_sitenote_note":"","_monsterinsights_sitenote_category":0,"_uf_show_specific_survey":0,"_uf_disable_surveys":false,"jetpack_post_was_ever_published":false,"_jetpack_newsletter_access":"","_jetpack_dont_email_post_to_subs":false,"_jetpack_newsletter_tier_id":0,"_jetpack_memberships_contains_paywalled_content":false,"_jetpack_memberships_contains_paid_content":false,"footnotes":"","jetpack_publicize_message":"","jetpack_publicize_feature_enabled":true,"jetpack_social_post_already_shared":false,"jetpack_social_options":{"image_generator_settings":{"template":"highway","default_image_id":0,"font":"","enabled":false},"version":2}},"categories":[9],"tags":[497,71],"class_list":["post-67082","post","type-post","status-publish","format-standard","has-post-thumbnail","hentry","category-banda","tag-marcha-de-los-bombos","tag-municipalidad-de-la-banda"],"aioseo_notices":[],"views":15,"jetpack_publicize_connections":[],"jetpack_featured_media_url":"https:\/\/i0.wp.com\/elterritorialweb.com.ar\/web\/wp-content\/uploads\/2024\/06\/MARCHA-DE-LOS-BOMBOS-BANDA.jpeg?fit=700%2C466&ssl=1","jetpack_sharing_enabled":true,"_links":{"self":[{"href":"https:\/\/elterritorialweb.com.ar\/web\/wp-json\/wp\/v2\/posts\/67082","targetHints":{"allow":["GET"]}}],"collection":[{"href":"https:\/\/elterritorialweb.com.ar\/web\/wp-json\/wp\/v2\/posts"}],"about":[{"href":"https:\/\/elterritorialweb.com.ar\/web\/wp-json\/wp\/v2\/types\/post"}],"author":[{"embeddable":true,"href":"https:\/\/elterritorialweb.com.ar\/web\/wp-json\/wp\/v2\/users\/2"}],"replies":[{"embeddable":true,"href":"https:\/\/elterritorialweb.com.ar\/web\/wp-json\/wp\/v2\/comments?post=67082"}],"version-history":[{"count":1,"href":"https:\/\/elterritorialweb.com.ar\/web\/wp-json\/wp\/v2\/posts\/67082\/revisions"}],"predecessor-version":[{"id":67084,"href":"https:\/\/elterritorialweb.com.ar\/web\/wp-json\/wp\/v2\/posts\/67082\/revisions\/67084"}],"wp:featuredmedia":[{"embeddable":true,"href":"https:\/\/elterritorialweb.com.ar\/web\/wp-json\/wp\/v2\/media\/67083"}],"wp:attachment":[{"href":"https:\/\/elterritorialweb.com.ar\/web\/wp-json\/wp\/v2\/media?parent=67082"}],"wp:term":[{"taxonomy":"category","embeddable":true,"href":"https:\/\/elterritorialweb.com.ar\/web\/wp-json\/wp\/v2\/categories?post=67082"},{"taxonomy":"post_tag","embeddable":true,"href":"https:\/\/elterritorialweb.com.ar\/web\/wp-json\/wp\/v2\/tags?post=67082"}],"curies":[{"name":"wp","href":"https:\/\/api.w.org\/{rel}","templated":true}]}}