{"id":67085,"date":"2024-06-19T15:17:28","date_gmt":"2024-06-19T15:17:28","guid":{"rendered":"https:\/\/elterritorialweb.com.ar\/web\/?p=67085"},"modified":"2024-06-19T20:19:44","modified_gmt":"2024-06-19T20:19:44","slug":"conmocion-hallan-a-dos-jovenes-muertas-en-un-auto","status":"publish","type":"post","link":"https:\/\/elterritorialweb.com.ar\/web\/conmocion-hallan-a-dos-jovenes-muertas-en-un-auto\/","title":{"rendered":"CONMOCI\u00d3N: HALLAN A DOS J\u00d3VENES MUERTAS EN UN AUTO"},"content":{"rendered":"\n<p><strong>Dos mujeres -t\u00eda y sobrina-<\/strong>&nbsp;que eran buscadas por la Polic\u00eda en el paraje Santa Elena, del departamento&nbsp;<strong>Banda<\/strong>,&nbsp;<strong>fueron halladas muertas hoy y se presume un doble femicidio<\/strong>.La Divisi\u00f3n B\u00fasqueda de Personas y la Subcomisar\u00eda Comunitaria de Colonia El Simbolar intentaban dar con el paradero de&nbsp;<strong>Luz Nair Banegas (23) y Morena Banegas (20)<\/strong>, ambas domiciliadas en el paraje Pampa Muyoj.<a href=\"https:\/\/www.nuevodiarioweb.com.ar\/clima\"><\/a><\/p>\n\n\n\n<p><a href=\"https:\/\/www.radiolv11.com.ar\/\" target=\"_blank\" rel=\"noreferrer noopener\"><\/a>Se ausentaron de su hogar ayer alrededor de las 17 horas y no volvieron a saber de ellas, hasta hoy.&nbsp;<strong>Las encontraron muertas dentro del autom\u00f3vil de una de ellas y con m\u00faltiples heridas de arma blanca.<\/strong><\/p>\n\n\n\n<p>La Dra. Natalia Saavedra, coordinadora de la Unidad Fiscal para la Circunscripci\u00f3n Banda y Robles, junto al Dr. \u00c1lvaro Yag\u00fce, fiscal de turno, est\u00e1n en el lugar del hallazgo, junto a personal de la Divisi\u00f3n Criminal\u00edstica y efectivos de la Divisi\u00f3n Homicidios y Delitos Complejos.<\/p>\n\n\n\n<p>Se iba a sumar el Dr. Pedro Luis Ib\u00e1\u00f1ez, quien estuvo de turno en la Unidad Fiscal de G\u00e9nero y Violencia Intrafamiliar hasta las 8 de hoy.<\/p>\n\n\n\n<p>El hallazgo se habr\u00eda producido en&nbsp;<strong>Villa Hip\u00f3lita (Dpto. Robles)<\/strong>&nbsp;y&nbsp;hay&nbsp;<strong>un apresado, de apellido Cejas y de 21 a\u00f1os<\/strong>, expareja de una de las v\u00edctimas fatales.<\/p>\n","protected":false},"excerpt":{"rendered":"<p>Eran intensamente buscadas por la Polic\u00eda entre los departamentos Banda y Robles. Presentan m\u00faltiples cuchilladas y apresaron al ex de una de ellas, Cejas (21).<\/p>\n","protected":false},"author":2,"featured_media":67086,"comment_status":"open","ping_status":"open","sticky":false,"template":"","format":"standard","meta":{"om_disable_all_campaigns":false,"_monsterinsights_skip_tracking":false,"_monsterinsights_sitenote_active":false,"_monsterinsights_sitenote_note":"","_monsterinsights_sitenote_category":0,"_uf_show_specific_survey":0,"_uf_disable_surveys":false,"jetpack_post_was_ever_published":false,"_jetpack_newsletter_access":"","_jetpack_dont_email_post_to_subs":false,"_jetpack_newsletter_tier_id":0,"_jetpack_memberships_contains_paywalled_content":false,"_jetpack_memberships_contains_paid_content":false,"footnotes":"","jetpack_publicize_message":"","jetpack_publicize_feature_enabled":true,"jetpack_social_post_already_shared":false,"jetpack_social_options":{"image_generator_settings":{"template":"highway","default_image_id":0,"font":"","enabled":false},"version":2}},"categories":[4,36],"tags":[],"class_list":["post-67085","post","type-post","status-publish","format-standard","has-post-thumbnail","hentry","category-destacadas","category-policiales"],"aioseo_notices":[],"views":17,"jetpack_publicize_connections":[],"jetpack_featured_media_url":"https:\/\/i0.wp.com\/elterritorialweb.com.ar\/web\/wp-content\/uploads\/2024\/06\/multimedia.normal.a0dfe4afdcb3d332.bXVqZXJlc19ub3JtYWwucG5n.png?fit=814%2C415&ssl=1","jetpack_sharing_enabled":true,"_links":{"self":[{"href":"https:\/\/elterritorialweb.com.ar\/web\/wp-json\/wp\/v2\/posts\/67085","targetHints":{"allow":["GET"]}}],"collection":[{"href":"https:\/\/elterritorialweb.com.ar\/web\/wp-json\/wp\/v2\/posts"}],"about":[{"href":"https:\/\/elterritorialweb.com.ar\/web\/wp-json\/wp\/v2\/types\/post"}],"author":[{"embeddable":true,"href":"https:\/\/elterritorialweb.com.ar\/web\/wp-json\/wp\/v2\/users\/2"}],"replies":[{"embeddable":true,"href":"https:\/\/elterritorialweb.com.ar\/web\/wp-json\/wp\/v2\/comments?post=67085"}],"version-history":[{"count":1,"href":"https:\/\/elterritorialweb.com.ar\/web\/wp-json\/wp\/v2\/posts\/67085\/revisions"}],"predecessor-version":[{"id":67087,"href":"https:\/\/elterritorialweb.com.ar\/web\/wp-json\/wp\/v2\/posts\/67085\/revisions\/67087"}],"wp:featuredmedia":[{"embeddable":true,"href":"https:\/\/elterritorialweb.com.ar\/web\/wp-json\/wp\/v2\/media\/67086"}],"wp:attachment":[{"href":"https:\/\/elterritorialweb.com.ar\/web\/wp-json\/wp\/v2\/media?parent=67085"}],"wp:term":[{"taxonomy":"category","embeddable":true,"href":"https:\/\/elterritorialweb.com.ar\/web\/wp-json\/wp\/v2\/categories?post=67085"},{"taxonomy":"post_tag","embeddable":true,"href":"https:\/\/elterritorialweb.com.ar\/web\/wp-json\/wp\/v2\/tags?post=67085"}],"curies":[{"name":"wp","href":"https:\/\/api.w.org\/{rel}","templated":true}]}}