{"id":67088,"date":"2024-06-19T20:16:25","date_gmt":"2024-06-19T20:16:25","guid":{"rendered":"https:\/\/elterritorialweb.com.ar\/web\/?p=67088"},"modified":"2024-06-19T20:18:06","modified_gmt":"2024-06-19T20:18:06","slug":"el-dia-de-la-diversidad-con-una-mega-fiesta-el-30-de-junio-en-la-banda","status":"publish","type":"post","link":"https:\/\/elterritorialweb.com.ar\/web\/el-dia-de-la-diversidad-con-una-mega-fiesta-el-30-de-junio-en-la-banda\/","title":{"rendered":"EL D\u00cdA DE LA DIVERSIDAD CON UNA MEGA FIESTA EL 30 DE JUNIO EN LA BANDA"},"content":{"rendered":"\n<p>Se trata de La Mega Fiesta de la Diversidad que se realizar\u00e1 el 30 de junio e invita a compartir no solo a las organizaciones, sino tambi\u00e9n al p\u00fablico general, de una gran noche para promover una vida sin discriminaciones de g\u00e9nero, ni violencia. Y con el objetivo inmediato de la inclusi\u00f3n social y cultural.<\/p>\n\n\n\n<p>El colectivo LGBTIQ+ viene luchando con alegr\u00eda, convicci\u00f3n y fuerza por la diversidad y el respeto a las identidades y sexualidades libres. La referente santiague\u00f1a trans, Mar\u00eda Marcela Castillo, est\u00e1 al frente de la coordinaci\u00f3n junto con otras organizaciones de lo que ser\u00e1 un antes y un despu\u00e9s para la vida de la diversidades de la provincia.<\/p>\n\n\n\n<p>Cabe destacar que Marcela, que es Acompa\u00f1ante Terap\u00e9utica y Promotora de la Salud Sexual en el Consultorio Inclusivo para la Diversidad en el Hospital Independencia junto con Jael Quadrelli, tambi\u00e9n Acompa\u00f1ante Terapeuta, y la doctora Patricia G\u00f3mez; es la portavoz hace mucho tiempo de las comunidades que intentan d\u00eda a d\u00eda vivir en paz e inclusi\u00f3n<\/p>\n\n\n\n<p>Asimismo, no s\u00f3lo en la provincia se desarrollar\u00e1 esta fiesta, diversas reuniones se llevar\u00e1n a cabo en todo el mundo alrededor del Orgullo LGBT, que tiene sus ra\u00edces en el levantamiento de Stonewall en junio de 1969 en la ciudad de Nueva York, evento que ayud\u00f3 a impulsar el movimiento moderno por la lucha de los derechos de aquellas comunidades.<\/p>\n\n\n\n<h3 class=\"wp-block-heading\">55 a\u00f1os<\/h3>\n\n\n\n<p>Aquel 28 de junio, pero de 1969, la polic\u00eda de New York allan\u00f3 el Stonewall Inn, un bar gay ubicado en Greenwich Village, y comenz\u00f3 a sacar a los clientes al exterior. Los clientes se resistieron al arresto y una creciente multitud de transe\u00fantes arroj\u00f3 botellas y monedas a los oficiales. Harta de sufrir acoso por a\u00f1os por parte de las autoridades, esa noche y por tres d\u00edas, fue el final y comienzo de la lucha y visibilizacion de la comunidad.<\/p>\n\n\n\n<p>Un a\u00f1o despu\u00e9s, aproximadamente diez mil personas se congregaron frente a las puertas del Stonewall. Esa fue la primera celebraci\u00f3n del orgullo l\u00e9sbico, gay, travesti, transexual de la historia, y desde entonces millones de personas alrededor del mundo se han ido sumando a esa jornada de lucha.<\/p>\n\n\n\n<p>Desde 1992, gays, lesbianas, travestis y transexuales celebran el orgullo en Buenos Aires, recordando esa fecha y haciendo valer sus derechos. Aunque el D\u00eda del Orgullo LGBTIQ+ se celebra cada 28 de junio, en la Argentina, se celebra un s\u00e1bado del mes de noviembre, conmemorando la creaci\u00f3n de \u201cNuestro Mundo\u201d, el primer grupo gay que funciono en el pa\u00eds en 1967.<\/p>\n\n\n\n<p>En el pa\u00eds de la primera marcha del Orgullo Lesbiano Gay se hizo en la Ciudad de Buenos Aires el 3 de julio de 1992. Aquel d\u00eda hist\u00f3rico unas 300 personas avanzaron por avenida de Mayo para reclamar derechos humanos. A\u00f1os despu\u00e9s se decidi\u00f3 que la fecha se pasara a noviembre, para que el clima primaveral abrazara a las personas de la diversidad sexual, en especial a las VIH positivas, sin exponerlas a los d\u00edas fr\u00edos de junio.<\/p>\n\n\n\n<p>Se eligi\u00f3 noviembre por ser el mes aniversario de la creaci\u00f3n de la primera organizaci\u00f3n de la diversidad sexual en Argentina y Am\u00e9rica Latina: Nuestro Mundo.<br>Por otra parte, en 2016, el \u00e1rea alrededor del Stonewall Inn, que sigue siendo un popular local nocturno, fue designado monumento nacional.<\/p>\n\n\n\n<figure class=\"wp-block-image size-full is-resized\"><a href=\"https:\/\/i0.wp.com\/elterritorialweb.com.ar\/web\/wp-content\/uploads\/2024\/06\/LGBTQ-1.jpeg\"><img data-recalc-dims=\"1\" decoding=\"async\" width=\"512\" height=\"342\" data-src=\"https:\/\/i0.wp.com\/elterritorialweb.com.ar\/web\/wp-content\/uploads\/2024\/06\/LGBTQ-1.jpeg?resize=512%2C342\" alt=\"\" class=\"wp-image-67091 lazyload\" style=\"--smush-placeholder-width: 512px; --smush-placeholder-aspect-ratio: 512\/342;width:838px;height:auto\" data-srcset=\"https:\/\/i0.wp.com\/elterritorialweb.com.ar\/web\/wp-content\/uploads\/2024\/06\/LGBTQ-1.jpeg?w=512&amp;ssl=1 512w, https:\/\/i0.wp.com\/elterritorialweb.com.ar\/web\/wp-content\/uploads\/2024\/06\/LGBTQ-1.jpeg?resize=300%2C200&amp;ssl=1 300w\" data-sizes=\"(max-width: 512px) 100vw, 512px\" src=\"data:image\/svg+xml;base64,PHN2ZyB3aWR0aD0iMSIgaGVpZ2h0PSIxIiB4bWxucz0iaHR0cDovL3d3dy53My5vcmcvMjAwMC9zdmciPjwvc3ZnPg==\" \/><\/a><\/figure>\n\n\n\n<h3 class=\"wp-block-heading\">LGBT<\/h3>\n\n\n\n<p>LGBT es un acr\u00f3nimo que significa lesbiana, gay, bisexual y transg\u00e9nero. El t\u00e9rmino a veces se extiende a LGBTQ, o incluso LGBTQIA, para incluir grupos queer, intersexuales y asexuales.<\/p>\n\n\n\n<p>Queer es un t\u00e9rmino gen\u00e9rico para personas no heterosexuales; intersexual se refiere a aquellos cuyo sexo no est\u00e1 claramente definido debido a diferencias gen\u00e9ticas, hormonales o biol\u00f3gicas; y asexual describe a aquellos que no experimentan atracci\u00f3n sexual.<\/p>\n\n\n\n<p>Estos t\u00e9rminos tambi\u00e9n pueden incluir personas de g\u00e9nero fluido, o aquellas personas cuya identidad de g\u00e9nero cambia con el tiempo o dependiendo de la situaci\u00f3n.<\/p>\n\n\n\n<p>Seg\u00fan datos de la Asociaci\u00f3n Internacional de Lesbianas, Gays, Bisexuales, Trans e Intersex (ILGA, por sus siglas en ingl\u00e9s), 62 Estados miembros de la ONU todav\u00eda criminalizan los actos sexuales consensuales entre personas adultas del mismo sexo (60 por disposiciones legales expl\u00edcitas y 2 de facto).<\/p>\n\n\n\n<p>A pesar de los avances, la vida de las personas LGTBI corre peligro en multitud de pa\u00edses, debido a su exposici\u00f3n a cr\u00edmenes de odio (delitos que se cometen contra personas o bienes debido a su relaci\u00f3n, real o supuesta, con un grupo definido por una caracter\u00edstica protegida, como el origen \u00e9tnico, la religi\u00f3n, la orientaci\u00f3n sexual o la identidad de g\u00e9nero).<\/p>\n\n\n\n<p>Las personas transg\u00e9nero son v\u00edctimas preferenciales de dichos cr\u00edmenes. Seg\u00fan los datos recogidos por Transgender Europa en su Observatorio de Personas Trans Asesinadas, 4.690 personas transg\u00e9nero en el mundo hab\u00edan muerto entre 2008 y septiembre de 2023. Todas ellas asesinadas por prejuicios discriminatorios.<\/p>\n\n\n\n<p>En 2023, la organizaci\u00f3n report\u00f3 el asesinato de 321 personas trans y de g\u00e9nero diverso. El 94% de las v\u00edctimas fueron mujeres trans o personas trans femeninas. A nivel mundial, casi la mitad (48%) de las personas trans asesinadas cuya ocupaci\u00f3n se conoc\u00eda eran trabajadoras sexuales.<\/p>\n\n\n\n<h3 class=\"wp-block-heading\">Pa\u00edses d\u00f3nde la homosexualidad podr\u00eda ser pena de muerte<\/h3>\n\n\n\n<p><strong>\u00c1frica:<\/strong> Argelia, Burundi, Camer\u00fan, Chad, Comoras, Egipto, Eritrea, Esuatini, Etiop\u00eda, Gambia, Ghana, Guinea, Kenia, Liberia, Libia, Malawi, Marruecos, Mauritania, Namibia, Nigeria, Senegal, Sierra Leona, Somalia, Sud\u00e1n, Sud\u00e1n del Sur, Tanzania, Togo, T\u00fanez, Uganda, Zambia, Zimbabwe.<br><strong>Caribe:<\/strong> Granada, Guyana, Jamaica, Santa Luc\u00eda, San Vicente y las Granadinas.<br><strong>Asia: <\/strong>Afganist\u00e1n, Arabia Saud\u00ed, Bangladesh, Brun\u00e9i Darussalam, Emiratos \u00c1rabes Unidos, Ir\u00e1n, Irak, Kuwait, L\u00edbano, Malasia, Maldivas, Myanmar, Om\u00e1n, Pakist\u00e1n, Qatar, Sri Lanka, Siria, Turkmenist\u00e1n, Uzbekist\u00e1n, Yemen.<br><strong>Ocean\u00eda:<\/strong> Islas Solom\u00f3n, Kiribati, Pap\u00faa Nueva Guinea, Samoa, Tonga, Tuvalu. (Con informaci\u00f3n de Amnist\u00eda Internacional).<\/p>\n","protected":false},"excerpt":{"rendered":"<p>La fiesta se realizar\u00e1 el 30 de junio a las 0:30 horas en autopista Santiago- La Banda, en el espacio Studio G. La \u00fanica condici\u00f3n es que sean mayores de 18 a\u00f1os todos aquellos que quieran participar.<\/p>\n","protected":false},"author":2,"featured_media":67090,"comment_status":"open","ping_status":"open","sticky":false,"template":"","format":"standard","meta":{"om_disable_all_campaigns":false,"_monsterinsights_skip_tracking":false,"_monsterinsights_sitenote_active":false,"_monsterinsights_sitenote_note":"","_monsterinsights_sitenote_category":0,"_uf_show_specific_survey":0,"_uf_disable_surveys":false,"jetpack_post_was_ever_published":false,"_jetpack_newsletter_access":"","_jetpack_dont_email_post_to_subs":false,"_jetpack_newsletter_tier_id":0,"_jetpack_memberships_contains_paywalled_content":false,"_jetpack_memberships_contains_paid_content":false,"footnotes":"","jetpack_publicize_message":"","jetpack_publicize_feature_enabled":true,"jetpack_social_post_already_shared":false,"jetpack_social_options":{"image_generator_settings":{"template":"highway","default_image_id":0,"font":"","enabled":false},"version":2}},"categories":[20],"tags":[],"class_list":["post-67088","post","type-post","status-publish","format-standard","has-post-thumbnail","hentry","category-especysociales"],"aioseo_notices":[],"views":19,"jetpack_publicize_connections":[],"jetpack_featured_media_url":"https:\/\/i0.wp.com\/elterritorialweb.com.ar\/web\/wp-content\/uploads\/2024\/06\/LGBTQ.jpeg?fit=275%2C183&ssl=1","jetpack_sharing_enabled":true,"_links":{"self":[{"href":"https:\/\/elterritorialweb.com.ar\/web\/wp-json\/wp\/v2\/posts\/67088","targetHints":{"allow":["GET"]}}],"collection":[{"href":"https:\/\/elterritorialweb.com.ar\/web\/wp-json\/wp\/v2\/posts"}],"about":[{"href":"https:\/\/elterritorialweb.com.ar\/web\/wp-json\/wp\/v2\/types\/post"}],"author":[{"embeddable":true,"href":"https:\/\/elterritorialweb.com.ar\/web\/wp-json\/wp\/v2\/users\/2"}],"replies":[{"embeddable":true,"href":"https:\/\/elterritorialweb.com.ar\/web\/wp-json\/wp\/v2\/comments?post=67088"}],"version-history":[{"count":2,"href":"https:\/\/elterritorialweb.com.ar\/web\/wp-json\/wp\/v2\/posts\/67088\/revisions"}],"predecessor-version":[{"id":67093,"href":"https:\/\/elterritorialweb.com.ar\/web\/wp-json\/wp\/v2\/posts\/67088\/revisions\/67093"}],"wp:featuredmedia":[{"embeddable":true,"href":"https:\/\/elterritorialweb.com.ar\/web\/wp-json\/wp\/v2\/media\/67090"}],"wp:attachment":[{"href":"https:\/\/elterritorialweb.com.ar\/web\/wp-json\/wp\/v2\/media?parent=67088"}],"wp:term":[{"taxonomy":"category","embeddable":true,"href":"https:\/\/elterritorialweb.com.ar\/web\/wp-json\/wp\/v2\/categories?post=67088"},{"taxonomy":"post_tag","embeddable":true,"href":"https:\/\/elterritorialweb.com.ar\/web\/wp-json\/wp\/v2\/tags?post=67088"}],"curies":[{"name":"wp","href":"https:\/\/api.w.org\/{rel}","templated":true}]}}