{"id":67094,"date":"2024-06-19T20:31:37","date_gmt":"2024-06-19T20:31:37","guid":{"rendered":"http:\/\/elterritorialweb.com.ar\/web\/?p=67094"},"modified":"2024-06-19T20:39:13","modified_gmt":"2024-06-19T20:39:13","slug":"anunciaron-el-cronograma-de-actividades-por-los-festejos-del-471-aniversario-de-la-madre-de-ciudades","status":"publish","type":"post","link":"https:\/\/elterritorialweb.com.ar\/web\/anunciaron-el-cronograma-de-actividades-por-los-festejos-del-471-aniversario-de-la-madre-de-ciudades\/","title":{"rendered":"ANUNCIARON EL CRONOGRAMA DE ACTIVIDADES POR LOS FESTEJOS DEL 471\u00b0 ANIVERSARIO DE LA \u00abMADRE DE CIUDADES\u00bb"},"content":{"rendered":"\n<p>El mismo comenzar\u00e1 con la apertura de la tradicional&nbsp;<strong>Ferial Artesanal el d\u00eda 5 de julio en el predio del Parque Aguirre<\/strong>, que permanecer\u00e1 abierta durante todo el mes, luego el d\u00eda&nbsp;<strong>6<\/strong>, se llevar\u00e1 a cabo&nbsp;<strong>\u201cSantiago Baila\u201d<\/strong>&nbsp;un encuentro<strong>&nbsp;cultural<\/strong>, donde diferentes&nbsp;<strong>academias y m\u00fasicos<\/strong>&nbsp;<strong>santiague\u00f1os&nbsp;<\/strong>deleitar\u00e1n a&nbsp;<strong>turistas y a la comunidad con sus talentos<\/strong>.<\/p>\n\n\n\n<p>Otro de los eventos importantes anunciados, fue la\u00a0<strong>Marcha de los Bombos y la Marcha de las Cuerdas y Fuelles Santiague\u00f1os<\/strong>, que tendr\u00e1n lugar el s\u00e1bado<strong>\u00a020 de julio<\/strong>, con sus respectivas vigilias que comienzan la noche anterior con<strong>\u00a0n\u00fameros art\u00edsticos y variadas propuestas para la familia<\/strong>. <\/p>\n\n\n\n<figure class=\"wp-block-image size-full\"><a href=\"https:\/\/i0.wp.com\/elterritorialweb.com.ar\/web\/wp-content\/uploads\/2024\/06\/CRONOGRAMA-CUMPLE-SANTIAGO-1.jpg\"><img data-recalc-dims=\"1\" decoding=\"async\" width=\"640\" height=\"480\" data-src=\"https:\/\/i0.wp.com\/elterritorialweb.com.ar\/web\/wp-content\/uploads\/2024\/06\/CRONOGRAMA-CUMPLE-SANTIAGO-1.jpg?resize=640%2C480\" alt=\"\" class=\"wp-image-67096 lazyload\" data-srcset=\"https:\/\/i0.wp.com\/elterritorialweb.com.ar\/web\/wp-content\/uploads\/2024\/06\/CRONOGRAMA-CUMPLE-SANTIAGO-1.jpg?w=1024&amp;ssl=1 1024w, https:\/\/i0.wp.com\/elterritorialweb.com.ar\/web\/wp-content\/uploads\/2024\/06\/CRONOGRAMA-CUMPLE-SANTIAGO-1.jpg?resize=300%2C225&amp;ssl=1 300w, https:\/\/i0.wp.com\/elterritorialweb.com.ar\/web\/wp-content\/uploads\/2024\/06\/CRONOGRAMA-CUMPLE-SANTIAGO-1.jpg?resize=768%2C576&amp;ssl=1 768w\" data-sizes=\"(max-width: 640px) 100vw, 640px\" src=\"data:image\/svg+xml;base64,PHN2ZyB3aWR0aD0iMSIgaGVpZ2h0PSIxIiB4bWxucz0iaHR0cDovL3d3dy53My5vcmcvMjAwMC9zdmciPjwvc3ZnPg==\" style=\"--smush-placeholder-width: 640px; --smush-placeholder-aspect-ratio: 640\/480;\" \/><\/a><\/figure>\n\n\n\n<p>La vigilia del\u00a0<strong>24 de julio contar\u00e1 con artistas santiague\u00f1os, \u201cdonde mostramos lo orgulloso que somos de nuestra cultura\u201d<\/strong>. Y finalizando el d\u00eda del cumplea\u00f1os de la ciudad, con el\u00a0<strong>acto protocolar y el Festival Madre de Ciudades en el Parque Aguirre<\/strong>. Toda esta cartelera ser\u00e1 difundida mediante los\u00a0<strong>medios de comunicaci\u00f3n, c\u00f3digo QR y redes sociales.<\/strong><\/p>\n\n\n\n<p>Desde la&nbsp;<strong>provincia y el municipio<\/strong>, esperan con mucho entusiasmo la llegada de&nbsp;<strong>miles de turistas de distintos puntos del pa\u00eds y extranjeros<\/strong>, que a\u00f1o a a\u00f1o colman la ciudad y viven la experiencia de sentirse santiague\u00f1os.<\/p>\n","protected":false},"excerpt":{"rendered":"<p>La intendente de la ciudad Capital, Ing. Norma Fuentes, junto con el subsecretario de Turismo, Nelson Bravo, de Cultura, Juan Leguizam\u00f3n, y dem\u00e1s autoridades provinciales y municipales, anunciaron mediante una conferencia de prensa el programa de los festejos de un nuevo aniversario de la Ciudad Capital.<\/p>\n","protected":false},"author":2,"featured_media":67095,"comment_status":"open","ping_status":"open","sticky":false,"template":"","format":"standard","meta":{"om_disable_all_campaigns":false,"_monsterinsights_skip_tracking":false,"_monsterinsights_sitenote_active":false,"_monsterinsights_sitenote_note":"","_monsterinsights_sitenote_category":0,"_uf_show_specific_survey":0,"_uf_disable_surveys":false,"jetpack_post_was_ever_published":false,"_jetpack_newsletter_access":"","_jetpack_dont_email_post_to_subs":false,"_jetpack_newsletter_tier_id":0,"_jetpack_memberships_contains_paywalled_content":false,"_jetpack_memberships_contains_paid_content":false,"footnotes":"","jetpack_publicize_message":"","jetpack_publicize_feature_enabled":true,"jetpack_social_post_already_shared":false,"jetpack_social_options":{"image_generator_settings":{"template":"highway","default_image_id":0,"font":"","enabled":false},"version":2}},"categories":[4,21],"tags":[980],"class_list":["post-67094","post","type-post","status-publish","format-standard","has-post-thumbnail","hentry","category-destacadas","category-locales","tag-471-aniversario-de-santiago-del-estero"],"aioseo_notices":[],"views":10,"jetpack_publicize_connections":[],"jetpack_featured_media_url":"https:\/\/i0.wp.com\/elterritorialweb.com.ar\/web\/wp-content\/uploads\/2024\/06\/CRONOGRAMA-CUMPLE-SANTIAGO.jpg?fit=1280%2C853&ssl=1","jetpack_sharing_enabled":true,"_links":{"self":[{"href":"https:\/\/elterritorialweb.com.ar\/web\/wp-json\/wp\/v2\/posts\/67094","targetHints":{"allow":["GET"]}}],"collection":[{"href":"https:\/\/elterritorialweb.com.ar\/web\/wp-json\/wp\/v2\/posts"}],"about":[{"href":"https:\/\/elterritorialweb.com.ar\/web\/wp-json\/wp\/v2\/types\/post"}],"author":[{"embeddable":true,"href":"https:\/\/elterritorialweb.com.ar\/web\/wp-json\/wp\/v2\/users\/2"}],"replies":[{"embeddable":true,"href":"https:\/\/elterritorialweb.com.ar\/web\/wp-json\/wp\/v2\/comments?post=67094"}],"version-history":[{"count":2,"href":"https:\/\/elterritorialweb.com.ar\/web\/wp-json\/wp\/v2\/posts\/67094\/revisions"}],"predecessor-version":[{"id":67098,"href":"https:\/\/elterritorialweb.com.ar\/web\/wp-json\/wp\/v2\/posts\/67094\/revisions\/67098"}],"wp:featuredmedia":[{"embeddable":true,"href":"https:\/\/elterritorialweb.com.ar\/web\/wp-json\/wp\/v2\/media\/67095"}],"wp:attachment":[{"href":"https:\/\/elterritorialweb.com.ar\/web\/wp-json\/wp\/v2\/media?parent=67094"}],"wp:term":[{"taxonomy":"category","embeddable":true,"href":"https:\/\/elterritorialweb.com.ar\/web\/wp-json\/wp\/v2\/categories?post=67094"},{"taxonomy":"post_tag","embeddable":true,"href":"https:\/\/elterritorialweb.com.ar\/web\/wp-json\/wp\/v2\/tags?post=67094"}],"curies":[{"name":"wp","href":"https:\/\/api.w.org\/{rel}","templated":true}]}}