{"id":67099,"date":"2024-06-19T20:52:26","date_gmt":"2024-06-19T20:52:26","guid":{"rendered":"http:\/\/elterritorialweb.com.ar\/web\/?p=67099"},"modified":"2024-06-19T20:52:29","modified_gmt":"2024-06-19T20:52:29","slug":"la-municipalidad-informo-los-servicios-por-el-fin-de-semana-largo","status":"publish","type":"post","link":"https:\/\/elterritorialweb.com.ar\/web\/la-municipalidad-informo-los-servicios-por-el-fin-de-semana-largo\/","title":{"rendered":"LA MUNICIPALIDAD INFORM\u00d3 LOS SERVICIOS POR EL F\u00cdN DE SEMANA LARGO"},"content":{"rendered":"\n<p>En primer lugar, se inform\u00f3 que la recolecci\u00f3n de residuos se efectuar\u00e1 de manera habitual en los d\u00edas y horarios estipulados por el cronograma semanal que se aplica para cada barrio, ya sea en los turnos de la tarde o la ma\u00f1ana, seg\u00fan corresponda.<\/p>\n\n\n\n<p>En tanto, la Direcci\u00f3n de Tr\u00e1nsito destinar\u00e1 agentes a las principales avenidas de la ciudad para garantizar el ordenamiento vehicular y la seguridad de los conductores y los peatones.<\/p>\n\n\n\n<p>Por su parte, la Direcci\u00f3n de Obras P\u00fablicas comunic\u00f3 que las calles semi peatonales del micro centro permanecer\u00e1n cortadas al tr\u00e1nsito desde el viernes a las 8 horas hasta el s\u00e1bado a las 8 horas, ya que se reparar\u00e1n los adoquines existentes para mantenerlos en buenas condiciones.<\/p>\n\n\n\n<p>Las tareas se concretar\u00e1n en Libertad, desde Belgrano hasta Buenos Aires; Independencia, desde Libertad hasta 9 de Julio; Avellaneda, desde Belgrano hasta Independencia y 24 de Septiembre, desde Libertad hasta 9 de Julio.<\/p>\n\n\n\n<p>En cuanto a los Centros de Atenci\u00f3n Primaria de la Salud, se anunci\u00f3 que atender\u00e1n con guardias m\u00ednimas desde las 7:30 hasta las 13 horas, donde realizar\u00e1n vacunaciones y chequeos de salud generales.<\/p>\n\n\n\n<p>Finalmente, la Direcci\u00f3n de Parques y Paseos har\u00e1 trabajos de limpieza y mantenimiento en el Parque Aguirre, especialmente en los sectores de asadores, costanera, balneario y juegos infantiles; a los fines de garantizar el confort de los vecinos que asistan a disfrutar del principal pulm\u00f3n verde de la ciudad.<\/p>\n","protected":false},"excerpt":{"rendered":"<p>La Municipalidad de la Capital detall\u00f3 c\u00f3mo trabajar\u00e1n las diferentes \u00e1reas operativas durante los feriados del jueves 20 y el viernes 21, para lo que se dispuso un plan de trabajo especial para asegurar la adecuada prestaci\u00f3n de los servicios a los vecinos.<\/p>\n","protected":false},"author":2,"featured_media":67100,"comment_status":"open","ping_status":"open","sticky":false,"template":"","format":"standard","meta":{"om_disable_all_campaigns":false,"_monsterinsights_skip_tracking":false,"_monsterinsights_sitenote_active":false,"_monsterinsights_sitenote_note":"","_monsterinsights_sitenote_category":0,"_uf_show_specific_survey":0,"_uf_disable_surveys":false,"jetpack_post_was_ever_published":false,"_jetpack_newsletter_access":"","_jetpack_dont_email_post_to_subs":false,"_jetpack_newsletter_tier_id":0,"_jetpack_memberships_contains_paywalled_content":false,"_jetpack_memberships_contains_paid_content":false,"footnotes":"","jetpack_publicize_message":"","jetpack_publicize_feature_enabled":true,"jetpack_social_post_already_shared":false,"jetpack_social_options":{"image_generator_settings":{"template":"highway","default_image_id":0,"font":"","enabled":false},"version":2}},"categories":[21],"tags":[73,80],"class_list":["post-67099","post","type-post","status-publish","format-standard","has-post-thumbnail","hentry","category-locales","tag-municipalidad-de-la-capital","tag-recoleccion-deresiduos"],"aioseo_notices":[],"views":17,"jetpack_publicize_connections":[],"jetpack_featured_media_url":"https:\/\/i0.wp.com\/elterritorialweb.com.ar\/web\/wp-content\/uploads\/2024\/06\/feriados-recoleccion.jpeg?fit=1263%2C823&ssl=1","jetpack_sharing_enabled":true,"_links":{"self":[{"href":"https:\/\/elterritorialweb.com.ar\/web\/wp-json\/wp\/v2\/posts\/67099","targetHints":{"allow":["GET"]}}],"collection":[{"href":"https:\/\/elterritorialweb.com.ar\/web\/wp-json\/wp\/v2\/posts"}],"about":[{"href":"https:\/\/elterritorialweb.com.ar\/web\/wp-json\/wp\/v2\/types\/post"}],"author":[{"embeddable":true,"href":"https:\/\/elterritorialweb.com.ar\/web\/wp-json\/wp\/v2\/users\/2"}],"replies":[{"embeddable":true,"href":"https:\/\/elterritorialweb.com.ar\/web\/wp-json\/wp\/v2\/comments?post=67099"}],"version-history":[{"count":1,"href":"https:\/\/elterritorialweb.com.ar\/web\/wp-json\/wp\/v2\/posts\/67099\/revisions"}],"predecessor-version":[{"id":67101,"href":"https:\/\/elterritorialweb.com.ar\/web\/wp-json\/wp\/v2\/posts\/67099\/revisions\/67101"}],"wp:featuredmedia":[{"embeddable":true,"href":"https:\/\/elterritorialweb.com.ar\/web\/wp-json\/wp\/v2\/media\/67100"}],"wp:attachment":[{"href":"https:\/\/elterritorialweb.com.ar\/web\/wp-json\/wp\/v2\/media?parent=67099"}],"wp:term":[{"taxonomy":"category","embeddable":true,"href":"https:\/\/elterritorialweb.com.ar\/web\/wp-json\/wp\/v2\/categories?post=67099"},{"taxonomy":"post_tag","embeddable":true,"href":"https:\/\/elterritorialweb.com.ar\/web\/wp-json\/wp\/v2\/tags?post=67099"}],"curies":[{"name":"wp","href":"https:\/\/api.w.org\/{rel}","templated":true}]}}