{"id":67102,"date":"2024-06-20T12:31:56","date_gmt":"2024-06-20T12:31:56","guid":{"rendered":"http:\/\/elterritorialweb.com.ar\/web\/?p=67102"},"modified":"2024-06-20T12:31:59","modified_gmt":"2024-06-20T12:31:59","slug":"la-intendente-fuentes-tomo-la-promesa-de-carino-a-la-bandera-a-ninos-de-los-jardines-de-infantes","status":"publish","type":"post","link":"https:\/\/elterritorialweb.com.ar\/web\/la-intendente-fuentes-tomo-la-promesa-de-carino-a-la-bandera-a-ninos-de-los-jardines-de-infantes\/","title":{"rendered":"LA INTENDENTE FUENTES TOM\u00d3 LA PROMESA DE CARI\u00d1O A LA BANDERA A NI\u00d1OS DE LOS JARDINES DE INFANTES"},"content":{"rendered":"\n<p>Se trat\u00f3 de una ceremonia en donde padres, docentes y alumnos le pusieron un marco de color al acto de la fecha patria, en el cual los ni\u00f1os formaron una enorme bandera argentina en el campo de juego.<\/p>\n\n\n\n<p>La jefa comunal estuvo acompa\u00f1ada por el presidente del Concejo Deliberante, Humberto Santill\u00e1n; funcionarios del gabinete municipal, concejales y directivos del \u00e1rea de educaci\u00f3n, mientras que los familiares llenaron las tribunas.<\/p>\n\n\n\n<p>Tras tomar la promesa a los alumnos, la <strong>Ing. Fuentes<\/strong> destac\u00f3: <em>\u201cEs una alegr\u00eda ver que los ni\u00f1os junto a sus familias han colmado las instalaciones del club G\u00fcemes. Es una marca registrada del sistema educativo municipal, pero sobre todo hay que destacar, el tiempo compartido junto a la familia y el entusiasmo y la alegr\u00eda que se ha vivido es \u00fanica\u201d.<\/em><\/p>\n\n\n\n<p>La intendente resalt\u00f3 que <em>\u201cla bandera es un s\u00edmbolo que nos tiene que mantener unidos, trabajando todos juntos por esta Argentina que nos necesita construyendo futuro todos los d\u00edas\u201d.<\/em><\/p>\n\n\n\n<p>Asimismo, agradeci\u00f3 a las <em>\u201cinstituciones que nos acompa\u00f1an, porque cada vez son m\u00e1s las que forman parte de este evento\u201d<\/em>, en referencia a la Banda de M\u00fasica de la Polic\u00eda de la Provincia, Gendarmer\u00eda Nacional, la Asociaci\u00f3n de Veteranos de Malvinas, a la escuela de Polic\u00eda de la Provincia Coronel Lorenzo Lugones, entre otros.<\/p>\n\n\n\n<p>La ceremonia dio comienzo con el tradicional ingreso de banderas, la entonaci\u00f3n del himno nacional, continu\u00f3 con la exposici\u00f3n art\u00edstica por parte de los profesores de educaci\u00f3n f\u00edsica de los jardines de infantes y concluy\u00f3 con la promesa de cari\u00f1o por parte de los alumnos.<\/p>\n","protected":false},"excerpt":{"rendered":"<p>Con una multitudinaria participaci\u00f3n, la intendente Ing. Norma Fuentes tom\u00f3 la promesa de cari\u00f1o a la bandera nacional a los m\u00e1s de 1400 alumnos de sala de 5 a\u00f1os de los 26 jardines de infantes de la Municipalidad de la Capital, que tuvo lugar en el Club Atl\u00e9tico G\u00fcemes.<\/p>\n","protected":false},"author":2,"featured_media":67103,"comment_status":"open","ping_status":"open","sticky":false,"template":"","format":"standard","meta":{"om_disable_all_campaigns":false,"_monsterinsights_skip_tracking":false,"_monsterinsights_sitenote_active":false,"_monsterinsights_sitenote_note":"","_monsterinsights_sitenote_category":0,"_uf_show_specific_survey":0,"_uf_disable_surveys":false,"jetpack_post_was_ever_published":false,"_jetpack_newsletter_access":"","_jetpack_dont_email_post_to_subs":false,"_jetpack_newsletter_tier_id":0,"_jetpack_memberships_contains_paywalled_content":false,"_jetpack_memberships_contains_paid_content":false,"footnotes":"","jetpack_publicize_message":"","jetpack_publicize_feature_enabled":true,"jetpack_social_post_already_shared":false,"jetpack_social_options":{"image_generator_settings":{"template":"highway","default_image_id":0,"font":"","enabled":false},"version":2}},"categories":[4,21],"tags":[73,116],"class_list":["post-67102","post","type-post","status-publish","format-standard","has-post-thumbnail","hentry","category-destacadas","category-locales","tag-municipalidad-de-la-capital","tag-norma-fuentes"],"aioseo_notices":[],"views":13,"jetpack_publicize_connections":[],"jetpack_featured_media_url":"https:\/\/i0.wp.com\/elterritorialweb.com.ar\/web\/wp-content\/uploads\/2024\/06\/promesa-a-la-bandera-scaled.jpg?fit=2560%2C1707&ssl=1","jetpack_sharing_enabled":true,"_links":{"self":[{"href":"https:\/\/elterritorialweb.com.ar\/web\/wp-json\/wp\/v2\/posts\/67102","targetHints":{"allow":["GET"]}}],"collection":[{"href":"https:\/\/elterritorialweb.com.ar\/web\/wp-json\/wp\/v2\/posts"}],"about":[{"href":"https:\/\/elterritorialweb.com.ar\/web\/wp-json\/wp\/v2\/types\/post"}],"author":[{"embeddable":true,"href":"https:\/\/elterritorialweb.com.ar\/web\/wp-json\/wp\/v2\/users\/2"}],"replies":[{"embeddable":true,"href":"https:\/\/elterritorialweb.com.ar\/web\/wp-json\/wp\/v2\/comments?post=67102"}],"version-history":[{"count":1,"href":"https:\/\/elterritorialweb.com.ar\/web\/wp-json\/wp\/v2\/posts\/67102\/revisions"}],"predecessor-version":[{"id":67104,"href":"https:\/\/elterritorialweb.com.ar\/web\/wp-json\/wp\/v2\/posts\/67102\/revisions\/67104"}],"wp:featuredmedia":[{"embeddable":true,"href":"https:\/\/elterritorialweb.com.ar\/web\/wp-json\/wp\/v2\/media\/67103"}],"wp:attachment":[{"href":"https:\/\/elterritorialweb.com.ar\/web\/wp-json\/wp\/v2\/media?parent=67102"}],"wp:term":[{"taxonomy":"category","embeddable":true,"href":"https:\/\/elterritorialweb.com.ar\/web\/wp-json\/wp\/v2\/categories?post=67102"},{"taxonomy":"post_tag","embeddable":true,"href":"https:\/\/elterritorialweb.com.ar\/web\/wp-json\/wp\/v2\/tags?post=67102"}],"curies":[{"name":"wp","href":"https:\/\/api.w.org\/{rel}","templated":true}]}}