{"id":67185,"date":"2024-06-23T20:53:50","date_gmt":"2024-06-23T20:53:50","guid":{"rendered":"http:\/\/elterritorialweb.com.ar\/web\/?p=67185"},"modified":"2024-06-23T20:53:52","modified_gmt":"2024-06-23T20:53:52","slug":"mitre-igualo-sin-goles-en-su-visita-a-san-telmo","status":"publish","type":"post","link":"https:\/\/elterritorialweb.com.ar\/web\/mitre-igualo-sin-goles-en-su-visita-a-san-telmo\/","title":{"rendered":"MITRE IGUAL\u00d3 SIN GOLES EN SU VISITA A SAN TELMO"},"content":{"rendered":"\n<p><strong>Mitre <\/strong>tuvo una s\u00f3lida actuaci\u00f3n contra<strong> San Telmo<\/strong>, logrando rescatar un punto en la Isla Maciel al <strong>empatar 0 a 0<\/strong> en la vig\u00e9sima fecha de la <strong>Zona B de la Primera Nacional.<\/strong><\/p>\n\n\n\n<p>El equipo<strong> Aurinegro<\/strong> tuvo las mejores oportunidades<strong> <\/strong>en el primer tiempo, enfrentando de igual a igual a un rival que ha sido uno de los principales animadores del grupo, junto a Col\u00f3n de Santa Fe.<\/p>\n\n\n\n<figure class=\"wp-block-image size-full\"><a href=\"https:\/\/i0.wp.com\/elterritorialweb.com.ar\/web\/wp-content\/uploads\/2024\/06\/MITRE-SAN-TELMO-2.jpeg\"><img data-recalc-dims=\"1\" decoding=\"async\" width=\"640\" height=\"564\" data-src=\"https:\/\/i0.wp.com\/elterritorialweb.com.ar\/web\/wp-content\/uploads\/2024\/06\/MITRE-SAN-TELMO-2.jpeg?resize=640%2C564\" alt=\"\" class=\"wp-image-67187 lazyload\" data-srcset=\"https:\/\/i0.wp.com\/elterritorialweb.com.ar\/web\/wp-content\/uploads\/2024\/06\/MITRE-SAN-TELMO-2.jpeg?w=937&amp;ssl=1 937w, https:\/\/i0.wp.com\/elterritorialweb.com.ar\/web\/wp-content\/uploads\/2024\/06\/MITRE-SAN-TELMO-2.jpeg?resize=300%2C264&amp;ssl=1 300w, https:\/\/i0.wp.com\/elterritorialweb.com.ar\/web\/wp-content\/uploads\/2024\/06\/MITRE-SAN-TELMO-2.jpeg?resize=768%2C677&amp;ssl=1 768w\" data-sizes=\"(max-width: 640px) 100vw, 640px\" src=\"data:image\/svg+xml;base64,PHN2ZyB3aWR0aD0iMSIgaGVpZ2h0PSIxIiB4bWxucz0iaHR0cDovL3d3dy53My5vcmcvMjAwMC9zdmciPjwvc3ZnPg==\" style=\"--smush-placeholder-width: 640px; --smush-placeholder-aspect-ratio: 640\/564;\" \/><\/a><\/figure>\n\n\n\n<p>En el inicio del partido, se vio a un <strong>Mitre<\/strong> que se atrevi\u00f3 m\u00e1s al ubicarse desde el centro del campo hacia adelante, con un <strong>Alessandroni<\/strong> incansable que se adue\u00f1o de la mitad de la cancha, corriendola a todas, transformandose as\u00ed en uno de los puntos m\u00e1s altos del equipo del barrio 8 de Abril.<\/p>\n\n\n\n<p>En un primer tiempo intenso de ida y vuelta y con muchas situciones para quebrar el cero, la m\u00e1s clara en la tuvo Mieres en sus pies, cuando se filtr\u00f3 dentro del \u00e1rea, sac\u00f3 un fuerte disparo de derecha que el arquero alcanzar a desviar con un manotazo al lateral. San Telmo tambi\u00e9n tuvo algunas chances pero no estuvo fino en la definici\u00f3n.<\/p>\n\n\n\n<figure class=\"wp-block-image size-large\"><a href=\"https:\/\/i0.wp.com\/elterritorialweb.com.ar\/web\/wp-content\/uploads\/2024\/06\/MITRE-SAN-TELMO.jpeg\"><img data-recalc-dims=\"1\" decoding=\"async\" width=\"640\" height=\"543\" data-src=\"https:\/\/i0.wp.com\/elterritorialweb.com.ar\/web\/wp-content\/uploads\/2024\/06\/MITRE-SAN-TELMO.jpeg?resize=640%2C543\" alt=\"\" class=\"wp-image-67188 lazyload\" data-srcset=\"https:\/\/i0.wp.com\/elterritorialweb.com.ar\/web\/wp-content\/uploads\/2024\/06\/MITRE-SAN-TELMO.jpeg?resize=1024%2C868&amp;ssl=1 1024w, https:\/\/i0.wp.com\/elterritorialweb.com.ar\/web\/wp-content\/uploads\/2024\/06\/MITRE-SAN-TELMO.jpeg?resize=300%2C254&amp;ssl=1 300w, https:\/\/i0.wp.com\/elterritorialweb.com.ar\/web\/wp-content\/uploads\/2024\/06\/MITRE-SAN-TELMO.jpeg?resize=768%2C651&amp;ssl=1 768w, https:\/\/i0.wp.com\/elterritorialweb.com.ar\/web\/wp-content\/uploads\/2024\/06\/MITRE-SAN-TELMO.jpeg?w=1080&amp;ssl=1 1080w\" data-sizes=\"(max-width: 640px) 100vw, 640px\" src=\"data:image\/svg+xml;base64,PHN2ZyB3aWR0aD0iMSIgaGVpZ2h0PSIxIiB4bWxucz0iaHR0cDovL3d3dy53My5vcmcvMjAwMC9zdmciPjwvc3ZnPg==\" style=\"--smush-placeholder-width: 640px; --smush-placeholder-aspect-ratio: 640\/543;\" \/><\/a><\/figure>\n\n\n\n<p>En la segunda mitad, las emociones continuaron y <strong>Mitre<\/strong> tuvo otra oportunidad con el <strong>defensor Oscar Piris<\/strong>, quien no logr\u00f3 capitalizar ante la respuesta oportuna del portero Bustos.<\/p>\n\n\n\n<p>El <strong>Aurinegro <\/strong>dej\u00f3 en Buenos Aires otra buena impresi\u00f3n, en la busqueda de su lucha por ingresar en el reducido por el segundo ascenso en la <strong>Primera Nacional<\/strong>, se ubica en el puesto 12 en la tabla de posiciones.<\/p>\n\n\n\n<p>El pr\u00f3ximo <strong>domingo 30 a las 16 horas<\/strong>, el <strong>Club Atletico Mitre <\/strong>se enfrentar\u00e1 a la <strong>Asociaci\u00f3n Mutual Social y Deportiva Atl\u00e9tico de Rafaela <\/strong>de la provincia de Santa Fe, en condici\u00f3n de local.<\/p>\n","protected":false},"excerpt":{"rendered":"<p>El Aurinegro empat\u00f3 0 a 0 en condici\u00f3n de visitante ante el Candombero por la vig\u00e9sima fecha de la Primera Nacional.<\/p>\n","protected":false},"author":2,"featured_media":67186,"comment_status":"open","ping_status":"open","sticky":false,"template":"","format":"standard","meta":{"om_disable_all_campaigns":false,"_monsterinsights_skip_tracking":false,"_monsterinsights_sitenote_active":false,"_monsterinsights_sitenote_note":"","_monsterinsights_sitenote_category":0,"_uf_show_specific_survey":0,"_uf_disable_surveys":false,"jetpack_post_was_ever_published":false,"_jetpack_newsletter_access":"","_jetpack_dont_email_post_to_subs":false,"_jetpack_newsletter_tier_id":0,"_jetpack_memberships_contains_paywalled_content":false,"_jetpack_memberships_contains_paid_content":false,"footnotes":"","jetpack_publicize_message":"","jetpack_publicize_feature_enabled":true,"jetpack_social_post_already_shared":false,"jetpack_social_options":{"image_generator_settings":{"template":"highway","default_image_id":0,"font":"","enabled":false},"version":2}},"categories":[6,4],"tags":[102,94],"class_list":["post-67185","post","type-post","status-publish","format-standard","has-post-thumbnail","hentry","category-deportes","category-destacadas","tag-club-atletico-mitre","tag-primera-nacional"],"aioseo_notices":[],"views":11,"jetpack_publicize_connections":[],"jetpack_featured_media_url":"https:\/\/i0.wp.com\/elterritorialweb.com.ar\/web\/wp-content\/uploads\/2024\/06\/MITRE-SAN-TELMO-1.jpeg?fit=1080%2C828&ssl=1","jetpack_sharing_enabled":true,"_links":{"self":[{"href":"https:\/\/elterritorialweb.com.ar\/web\/wp-json\/wp\/v2\/posts\/67185","targetHints":{"allow":["GET"]}}],"collection":[{"href":"https:\/\/elterritorialweb.com.ar\/web\/wp-json\/wp\/v2\/posts"}],"about":[{"href":"https:\/\/elterritorialweb.com.ar\/web\/wp-json\/wp\/v2\/types\/post"}],"author":[{"embeddable":true,"href":"https:\/\/elterritorialweb.com.ar\/web\/wp-json\/wp\/v2\/users\/2"}],"replies":[{"embeddable":true,"href":"https:\/\/elterritorialweb.com.ar\/web\/wp-json\/wp\/v2\/comments?post=67185"}],"version-history":[{"count":1,"href":"https:\/\/elterritorialweb.com.ar\/web\/wp-json\/wp\/v2\/posts\/67185\/revisions"}],"predecessor-version":[{"id":67189,"href":"https:\/\/elterritorialweb.com.ar\/web\/wp-json\/wp\/v2\/posts\/67185\/revisions\/67189"}],"wp:featuredmedia":[{"embeddable":true,"href":"https:\/\/elterritorialweb.com.ar\/web\/wp-json\/wp\/v2\/media\/67186"}],"wp:attachment":[{"href":"https:\/\/elterritorialweb.com.ar\/web\/wp-json\/wp\/v2\/media?parent=67185"}],"wp:term":[{"taxonomy":"category","embeddable":true,"href":"https:\/\/elterritorialweb.com.ar\/web\/wp-json\/wp\/v2\/categories?post=67185"},{"taxonomy":"post_tag","embeddable":true,"href":"https:\/\/elterritorialweb.com.ar\/web\/wp-json\/wp\/v2\/tags?post=67185"}],"curies":[{"name":"wp","href":"https:\/\/api.w.org\/{rel}","templated":true}]}}