{"id":67191,"date":"2024-06-23T21:49:12","date_gmt":"2024-06-23T21:49:12","guid":{"rendered":"http:\/\/elterritorialweb.com.ar\/web\/?p=67191"},"modified":"2024-06-23T21:49:14","modified_gmt":"2024-06-23T21:49:14","slug":"dura-derrota-de-guemes-en-su-cancha-ante-arsenal","status":"publish","type":"post","link":"https:\/\/elterritorialweb.com.ar\/web\/dura-derrota-de-guemes-en-su-cancha-ante-arsenal\/","title":{"rendered":"DURA DERROTA DE G\u00dcEMES EN SU CANCHA ANTE ARSENAL"},"content":{"rendered":"\n<p>En el reinicio de la\u00a0Primera Nacional,\u00a0<strong>G\u00fcemes <\/strong>cay\u00f3\u00a0en casa ante\u00a0<strong>Arsenal de Sarand\u00ed<\/strong> con un<strong> gol de Ignacio Sabatini a los 41 minutos<\/strong> de la primera mitad. De esta manera, el equipo de Marcelo V\u00e1zquez<strong> <\/strong>sufre su primera derrota desde que el DT asumi\u00f3 en el cargo.<\/p>\n\n\n\n<p>El <strong>\u00abgaucho\u00bb<\/strong> no tuvo ideas claras en la primera parte y le falt\u00f3 precisi\u00f3n en la segunda, a pesar de contar con diversas oportunidades para lograr el empate. Sin embargo, se encontr\u00f3 constantemente con la solidez del arquero Juan Zozaya, quien fue la destacada figura del equipo del \u00abViaducto\u00bb.<\/p>\n\n\n\n<figure class=\"wp-block-image size-large\"><a href=\"https:\/\/i0.wp.com\/elterritorialweb.com.ar\/web\/wp-content\/uploads\/2024\/06\/guemes-arsenal.jpg\"><img data-recalc-dims=\"1\" decoding=\"async\" width=\"640\" height=\"452\" data-src=\"https:\/\/i0.wp.com\/elterritorialweb.com.ar\/web\/wp-content\/uploads\/2024\/06\/guemes-arsenal.jpg?resize=640%2C452\" alt=\"\" class=\"wp-image-67193 lazyload\" data-srcset=\"https:\/\/i0.wp.com\/elterritorialweb.com.ar\/web\/wp-content\/uploads\/2024\/06\/guemes-arsenal.jpg?resize=1024%2C723&amp;ssl=1 1024w, https:\/\/i0.wp.com\/elterritorialweb.com.ar\/web\/wp-content\/uploads\/2024\/06\/guemes-arsenal.jpg?resize=300%2C212&amp;ssl=1 300w, https:\/\/i0.wp.com\/elterritorialweb.com.ar\/web\/wp-content\/uploads\/2024\/06\/guemes-arsenal.jpg?resize=768%2C542&amp;ssl=1 768w, https:\/\/i0.wp.com\/elterritorialweb.com.ar\/web\/wp-content\/uploads\/2024\/06\/guemes-arsenal.jpg?w=1040&amp;ssl=1 1040w\" data-sizes=\"(max-width: 640px) 100vw, 640px\" src=\"data:image\/svg+xml;base64,PHN2ZyB3aWR0aD0iMSIgaGVpZ2h0PSIxIiB4bWxucz0iaHR0cDovL3d3dy53My5vcmcvMjAwMC9zdmciPjwvc3ZnPg==\" style=\"--smush-placeholder-width: 640px; --smush-placeholder-aspect-ratio: 640\/452;\" \/><\/a><\/figure>\n\n\n\n<p>Esta derrota dej\u00f3 a\u00a0<strong>G\u00fcemes<\/strong> \u00faltimo en la <strong>zona A, con 19 unidades<\/strong>, en <strong>zona de descenso directo<\/strong>. En la\u00a0<strong>pr\u00f3xima fecha<\/strong>, el \u00abgaucho\u00bb visitar\u00e1 al puntero San Mart\u00edn de San Juan.<\/p>\n\n\n\n<p><\/p>\n","protected":false},"excerpt":{"rendered":"<p>El Gaucho no pudo hacer valer su local\u00eda, y cay\u00f3 1-0 ante Arsenal y qued\u00f3 \u00faltimo en la zona A de la Primera Nacional.<\/p>\n","protected":false},"author":2,"featured_media":67192,"comment_status":"open","ping_status":"open","sticky":false,"template":"","format":"standard","meta":{"om_disable_all_campaigns":false,"_monsterinsights_skip_tracking":false,"_monsterinsights_sitenote_active":false,"_monsterinsights_sitenote_note":"","_monsterinsights_sitenote_category":0,"_uf_show_specific_survey":0,"_uf_disable_surveys":false,"jetpack_post_was_ever_published":false,"_jetpack_newsletter_access":"","_jetpack_dont_email_post_to_subs":false,"_jetpack_newsletter_tier_id":0,"_jetpack_memberships_contains_paywalled_content":false,"_jetpack_memberships_contains_paid_content":false,"footnotes":"","jetpack_publicize_message":"","jetpack_publicize_feature_enabled":true,"jetpack_social_post_already_shared":false,"jetpack_social_options":{"image_generator_settings":{"template":"highway","default_image_id":0,"font":"","enabled":false},"version":2}},"categories":[6,4],"tags":[712,94],"class_list":["post-67191","post","type-post","status-publish","format-standard","has-post-thumbnail","hentry","category-deportes","category-destacadas","tag-club-atetico-guemes","tag-primera-nacional"],"aioseo_notices":[],"views":11,"jetpack_publicize_connections":[],"jetpack_featured_media_url":"https:\/\/i0.wp.com\/elterritorialweb.com.ar\/web\/wp-content\/uploads\/2024\/06\/guemes-arsenal-1.jpg?fit=1040%2C755&ssl=1","jetpack_sharing_enabled":true,"_links":{"self":[{"href":"https:\/\/elterritorialweb.com.ar\/web\/wp-json\/wp\/v2\/posts\/67191","targetHints":{"allow":["GET"]}}],"collection":[{"href":"https:\/\/elterritorialweb.com.ar\/web\/wp-json\/wp\/v2\/posts"}],"about":[{"href":"https:\/\/elterritorialweb.com.ar\/web\/wp-json\/wp\/v2\/types\/post"}],"author":[{"embeddable":true,"href":"https:\/\/elterritorialweb.com.ar\/web\/wp-json\/wp\/v2\/users\/2"}],"replies":[{"embeddable":true,"href":"https:\/\/elterritorialweb.com.ar\/web\/wp-json\/wp\/v2\/comments?post=67191"}],"version-history":[{"count":1,"href":"https:\/\/elterritorialweb.com.ar\/web\/wp-json\/wp\/v2\/posts\/67191\/revisions"}],"predecessor-version":[{"id":67194,"href":"https:\/\/elterritorialweb.com.ar\/web\/wp-json\/wp\/v2\/posts\/67191\/revisions\/67194"}],"wp:featuredmedia":[{"embeddable":true,"href":"https:\/\/elterritorialweb.com.ar\/web\/wp-json\/wp\/v2\/media\/67192"}],"wp:attachment":[{"href":"https:\/\/elterritorialweb.com.ar\/web\/wp-json\/wp\/v2\/media?parent=67191"}],"wp:term":[{"taxonomy":"category","embeddable":true,"href":"https:\/\/elterritorialweb.com.ar\/web\/wp-json\/wp\/v2\/categories?post=67191"},{"taxonomy":"post_tag","embeddable":true,"href":"https:\/\/elterritorialweb.com.ar\/web\/wp-json\/wp\/v2\/tags?post=67191"}],"curies":[{"name":"wp","href":"https:\/\/api.w.org\/{rel}","templated":true}]}}