{"id":67195,"date":"2024-06-23T22:13:38","date_gmt":"2024-06-23T22:13:38","guid":{"rendered":"http:\/\/elterritorialweb.com.ar\/web\/?p=67195"},"modified":"2024-06-23T22:13:40","modified_gmt":"2024-06-23T22:13:40","slug":"patricia-bullrich-designo-a-alejandra-monteoliva-como-secretaria-de-seguridad","status":"publish","type":"post","link":"https:\/\/elterritorialweb.com.ar\/web\/patricia-bullrich-designo-a-alejandra-monteoliva-como-secretaria-de-seguridad\/","title":{"rendered":"PATRICIA BULLRICH DESIGN\u00d3 A ALEJANDRA MONTEOLIVA COMO SECRETARIA DE SEGURIDAD"},"content":{"rendered":"\n<p>La ministra de Seguridad,\u00a0<strong>Patricia Bullrich<\/strong>, design\u00f3 a\u00a0<strong>Alejandra Monteoliva\u00a0<\/strong>como nueva secretaria de Seguridad en lugar de\u00a0<strong>Vicente Ventura Barreiro<\/strong>, quien present\u00f3 la renuncia en medio de un escandalo en los procesos licitatorio para la compra de alimentos en dependencias del Servicio Penitenciario y tras tras haber sido denunciado por la brutal represi\u00f3n desplegada en Plaza Congreso mientras se votaba la Ley Bases en el Senado.<\/p>\n\n\n\n<p>Monteoliva es graduada de la Facultad de Ciencia Pol\u00edtica y Relaciones Internacionales de la Universidad Cat\u00f3lica de C\u00f3rdoba y tiene un Mag\u00edster en Planificaci\u00f3n y Gesti\u00f3n del Desarrollo de la Universidad de los Andes, en Colombia.<\/p>\n\n\n\n<p>En su Linkedin se presenta como&nbsp;<strong>especialista en Seguridad, Gesti\u00f3n de datos e informaci\u00f3n y An\u00e1lisis Delictual.&nbsp;<\/strong>Fue directora de la Carrera de Ciencia Pol\u00edtica, de la Especializaci\u00f3n en Gobierno y Gesti\u00f3n P\u00fablica y Coordin\u00f3 el Centro de Estudios en Gobernabilidad Local de la Pontificia Universidad Javeriana en Colombia.<\/p>\n\n\n\n<p>Adem\u00e1s fue Directora de Planificaci\u00f3n Estrat\u00e9gica y Capacitaci\u00f3n y Directora Observatorio del Delito Ministerio de Seguridad de la Provincia de C\u00f3rdoba y luego Ministra de la provincia.<\/p>\n\n\n\n<p>Entre 2015 y 2020 tambi\u00e9n ocup\u00f3 cargos en el gobierno nacional, donde se desempe\u00f1\u00f3 como Directora Nacional de Gesti\u00f3n de Informaci\u00f3n Criminal y como Directora de Operaciones de las Fuerzas Federales.<\/p>\n","protected":false},"excerpt":{"rendered":"<p>Reemplazar\u00e1 a Vicente Ventura Barreiro, quien present\u00f3 la renuncia tras haber sido denunciado por la brutal represi\u00f3n desplegada en Plaza Congreso.<\/p>\n","protected":false},"author":2,"featured_media":67196,"comment_status":"open","ping_status":"open","sticky":false,"template":"","format":"standard","meta":{"om_disable_all_campaigns":false,"_monsterinsights_skip_tracking":false,"_monsterinsights_sitenote_active":false,"_monsterinsights_sitenote_note":"","_monsterinsights_sitenote_category":0,"_uf_show_specific_survey":0,"_uf_disable_surveys":false,"jetpack_post_was_ever_published":false,"_jetpack_newsletter_access":"","_jetpack_dont_email_post_to_subs":false,"_jetpack_newsletter_tier_id":0,"_jetpack_memberships_contains_paywalled_content":false,"_jetpack_memberships_contains_paid_content":false,"footnotes":"","jetpack_publicize_message":"","jetpack_publicize_feature_enabled":true,"jetpack_social_post_already_shared":false,"jetpack_social_options":{"image_generator_settings":{"template":"highway","default_image_id":0,"font":"","enabled":false},"version":2}},"categories":[4,7],"tags":[988],"class_list":["post-67195","post","type-post","status-publish","format-standard","has-post-thumbnail","hentry","category-destacadas","category-nacionales","tag-alejandra-monteoliva"],"aioseo_notices":[],"views":14,"jetpack_publicize_connections":[],"jetpack_featured_media_url":"https:\/\/i0.wp.com\/elterritorialweb.com.ar\/web\/wp-content\/uploads\/2024\/06\/ALEJANDRA-MONTEOLIVA.jpg?fit=760%2C427&ssl=1","jetpack_sharing_enabled":true,"_links":{"self":[{"href":"https:\/\/elterritorialweb.com.ar\/web\/wp-json\/wp\/v2\/posts\/67195","targetHints":{"allow":["GET"]}}],"collection":[{"href":"https:\/\/elterritorialweb.com.ar\/web\/wp-json\/wp\/v2\/posts"}],"about":[{"href":"https:\/\/elterritorialweb.com.ar\/web\/wp-json\/wp\/v2\/types\/post"}],"author":[{"embeddable":true,"href":"https:\/\/elterritorialweb.com.ar\/web\/wp-json\/wp\/v2\/users\/2"}],"replies":[{"embeddable":true,"href":"https:\/\/elterritorialweb.com.ar\/web\/wp-json\/wp\/v2\/comments?post=67195"}],"version-history":[{"count":1,"href":"https:\/\/elterritorialweb.com.ar\/web\/wp-json\/wp\/v2\/posts\/67195\/revisions"}],"predecessor-version":[{"id":67197,"href":"https:\/\/elterritorialweb.com.ar\/web\/wp-json\/wp\/v2\/posts\/67195\/revisions\/67197"}],"wp:featuredmedia":[{"embeddable":true,"href":"https:\/\/elterritorialweb.com.ar\/web\/wp-json\/wp\/v2\/media\/67196"}],"wp:attachment":[{"href":"https:\/\/elterritorialweb.com.ar\/web\/wp-json\/wp\/v2\/media?parent=67195"}],"wp:term":[{"taxonomy":"category","embeddable":true,"href":"https:\/\/elterritorialweb.com.ar\/web\/wp-json\/wp\/v2\/categories?post=67195"},{"taxonomy":"post_tag","embeddable":true,"href":"https:\/\/elterritorialweb.com.ar\/web\/wp-json\/wp\/v2\/tags?post=67195"}],"curies":[{"name":"wp","href":"https:\/\/api.w.org\/{rel}","templated":true}]}}