{"id":67198,"date":"2024-06-24T01:50:28","date_gmt":"2024-06-24T01:50:28","guid":{"rendered":"http:\/\/elterritorialweb.com.ar\/web\/?p=67198"},"modified":"2024-06-24T01:50:31","modified_gmt":"2024-06-24T01:50:31","slug":"la-comuna-bandena-renovo-convenio-con-el-centro-provincial-de-sangre","status":"publish","type":"post","link":"https:\/\/elterritorialweb.com.ar\/web\/la-comuna-bandena-renovo-convenio-con-el-centro-provincial-de-sangre\/","title":{"rendered":"LA COMUNA BANDE\u00d1A RENOV\u00d3 CONVENIO CON EL CENTRO PROVINCIAL DE SANGRE"},"content":{"rendered":"\n<p>En la oportunidad, el <strong>secretario de Salud Municipal, Julio Cesar Scabuzzo<\/strong> y la <strong>directora del Centro Provincial de Sangre, Mar\u00eda Elena S\u00e1nchez<\/strong> se reunieron para concretar la <strong>firma de este acuerdo<\/strong> enmarcado en las pol\u00edticas de gesti\u00f3n del <strong>intendente Roger Nediani <\/strong>que tienen por principal objetivo la promoci\u00f3n de actividades para generar conciencia en la comunidad bande\u00f1a.<\/p>\n\n\n\n<p>En este sentido, se indic\u00f3 que el acuerdo tiene como finalidad la implementaci\u00f3n de actividades conjuntas para facilitar el acceso a la donaci\u00f3n, fortaleciendo los recursos humanos y mejorando la eficiencia de los servicios.<\/p>\n\n\n\n<p>Al respecto, el <strong>secretario de Salud Municipal, Scabuzzo<\/strong>, destac\u00f3: <em>\u201cEste acuerdo refuerza el compromiso del intendente Roger Nediani con la salud p\u00fablica y a trav\u00e9s de esta colaboraci\u00f3n buscamos no solo incrementar las reservas de sangre y plaquetas, sino tambi\u00e9n crear conciencia sobre la importancia de la donaci\u00f3n voluntaria y habitual\u201d.<\/em><\/p>\n\n\n\n<p><em>\u00abHace m\u00e1s de un a\u00f1o y medio que venimos trabajando con este centro y nos gratifica renovar este convenio nuevamente para continuar concientizando a la comunidad sobre la importancia de este acto que salva vidas\u201d<\/em>, finaliz\u00f3 Scabuzzo.<\/p>\n","protected":false},"excerpt":{"rendered":"<p>La Secretar\u00eda de Salud de la Municipalidad de La Banda y el Centro Provincial de Sangre de Santiago del Estero llevaron adelante la renovaci\u00f3n del convenio de cooperaci\u00f3n mutua para fomentar la donaci\u00f3n voluntaria de sangre, plaquetas y el registro de m\u00e9dula \u00f3sea.<\/p>\n","protected":false},"author":2,"featured_media":67199,"comment_status":"open","ping_status":"open","sticky":false,"template":"","format":"standard","meta":{"om_disable_all_campaigns":false,"_monsterinsights_skip_tracking":false,"_monsterinsights_sitenote_active":false,"_monsterinsights_sitenote_note":"","_monsterinsights_sitenote_category":0,"_uf_show_specific_survey":0,"_uf_disable_surveys":false,"jetpack_post_was_ever_published":false,"_jetpack_newsletter_access":"","_jetpack_dont_email_post_to_subs":false,"_jetpack_newsletter_tier_id":0,"_jetpack_memberships_contains_paywalled_content":false,"_jetpack_memberships_contains_paid_content":false,"footnotes":"","jetpack_publicize_message":"","jetpack_publicize_feature_enabled":true,"jetpack_social_post_already_shared":false,"jetpack_social_options":{"image_generator_settings":{"template":"highway","default_image_id":0,"font":"","enabled":false},"version":2}},"categories":[9],"tags":[535,122,71],"class_list":["post-67198","post","type-post","status-publish","format-standard","has-post-thumbnail","hentry","category-banda","tag-centro-provincial-de-sangre","tag-convenio","tag-municipalidad-de-la-banda"],"aioseo_notices":[],"views":9,"jetpack_publicize_connections":[],"jetpack_featured_media_url":"https:\/\/i0.wp.com\/elterritorialweb.com.ar\/web\/wp-content\/uploads\/2024\/06\/WhatsApp-Image-2024-06-23-at-13.46.18-1-scaled.jpeg?fit=2560%2C1920&ssl=1","jetpack_sharing_enabled":true,"_links":{"self":[{"href":"https:\/\/elterritorialweb.com.ar\/web\/wp-json\/wp\/v2\/posts\/67198","targetHints":{"allow":["GET"]}}],"collection":[{"href":"https:\/\/elterritorialweb.com.ar\/web\/wp-json\/wp\/v2\/posts"}],"about":[{"href":"https:\/\/elterritorialweb.com.ar\/web\/wp-json\/wp\/v2\/types\/post"}],"author":[{"embeddable":true,"href":"https:\/\/elterritorialweb.com.ar\/web\/wp-json\/wp\/v2\/users\/2"}],"replies":[{"embeddable":true,"href":"https:\/\/elterritorialweb.com.ar\/web\/wp-json\/wp\/v2\/comments?post=67198"}],"version-history":[{"count":1,"href":"https:\/\/elterritorialweb.com.ar\/web\/wp-json\/wp\/v2\/posts\/67198\/revisions"}],"predecessor-version":[{"id":67200,"href":"https:\/\/elterritorialweb.com.ar\/web\/wp-json\/wp\/v2\/posts\/67198\/revisions\/67200"}],"wp:featuredmedia":[{"embeddable":true,"href":"https:\/\/elterritorialweb.com.ar\/web\/wp-json\/wp\/v2\/media\/67199"}],"wp:attachment":[{"href":"https:\/\/elterritorialweb.com.ar\/web\/wp-json\/wp\/v2\/media?parent=67198"}],"wp:term":[{"taxonomy":"category","embeddable":true,"href":"https:\/\/elterritorialweb.com.ar\/web\/wp-json\/wp\/v2\/categories?post=67198"},{"taxonomy":"post_tag","embeddable":true,"href":"https:\/\/elterritorialweb.com.ar\/web\/wp-json\/wp\/v2\/tags?post=67198"}],"curies":[{"name":"wp","href":"https:\/\/api.w.org\/{rel}","templated":true}]}}